{"id":10476,"date":"2021-04-27T13:56:46","date_gmt":"2021-04-27T13:56:46","guid":{"rendered":"https:\/\/www.galerie-schmalfuss.de\/?p=10476"},"modified":"2021-05-11T14:47:22","modified_gmt":"2021-05-11T14:47:22","slug":"frauen-power-starke-frauen","status":"publish","type":"post","link":"https:\/\/www.galerie-schmalfuss.de\/index.php\/frauen-power-starke-frauen\/","title":{"rendered":"FRAUEN-POWER \u2013 STARKE FRAUEN"},"content":{"rendered":"\n<p class=\"has-text-align-center\">1. Mai 2021 &#8211; 12. Juni 2021<\/p>\n\n\n\n<!--more-->\n\n\n\n<p class=\"has-text-align-center\"><strong>JUSTINE OTTO | LAURA ECKERT | LUZIA SIMONS <\/strong><br><strong>ELVIRA BACH | ULRIKE BOLENZ | SABINE DEHNEL | MIRIAM VLAMING<\/strong><\/p>\n\n\n\n<div class=\"wp-block-buttons is-content-justification-center is-layout-flex wp-block-buttons-is-layout-flex\">\n<div class=\"wp-block-button\"><a class=\"wp-block-button__link\" href=\"https:\/\/www.artatberlin.com\/portfolio-item\/frauenpower-starke-frauen-gruppenausstellung-gallery-visit-galerie-schmalfuss-berlin\/\" target=\"_blank\" rel=\"noreferrer noopener\"><strong>Virtueller Rundgang durch unsere aktuelle Ausstellung<\/strong><\/a><\/div>\n<\/div>\n\n\n\n<figure class=\"wp-block-gallery columns-3 is-cropped wp-block-gallery-1 is-layout-flex wp-block-gallery-is-layout-flex\"><ul class=\"blocks-gallery-grid\"><li class=\"blocks-gallery-item\"><figure><a href=\"https:\/\/www.galerie-schmalfuss.de\/wp-content\/uploads\/2021\/05\/LAURA-ECKERT-Medusa.jpeg\" data-rel=\"lightbox-gallery-0\" data-rl_title=\"Laura Eckert\" data-rl_caption=\"Medusenhaupt, 2021 Eiche und Multiplex, Farbe 60 x 37 x 24 cm 05\" title=\"Laura Eckert\"><img fetchpriority=\"high\" decoding=\"async\" width=\"768\" height=\"1024\" src=\"https:\/\/www.galerie-schmalfuss.de\/wp-content\/uploads\/2021\/05\/LAURA-ECKERT-Medusa-768x1024.jpeg\" alt=\"\" data-id=\"10628\" data-full-url=\"https:\/\/www.galerie-schmalfuss.de\/wp-content\/uploads\/2021\/05\/LAURA-ECKERT-Medusa.jpeg\" data-link=\"https:\/\/www.galerie-schmalfuss.de\/laura-eckert-medusa\/\" class=\"wp-image-10628\" title=\"\" srcset=\"https:\/\/www.galerie-schmalfuss.de\/wp-content\/uploads\/2021\/05\/LAURA-ECKERT-Medusa-768x1024.jpeg 768w, https:\/\/www.galerie-schmalfuss.de\/wp-content\/uploads\/2021\/05\/LAURA-ECKERT-Medusa-225x300.jpeg 225w, https:\/\/www.galerie-schmalfuss.de\/wp-content\/uploads\/2021\/05\/LAURA-ECKERT-Medusa-1152x1536.jpeg 1152w, https:\/\/www.galerie-schmalfuss.de\/wp-content\/uploads\/2021\/05\/LAURA-ECKERT-Medusa.jpeg 1440w\" sizes=\"(max-width: 768px) 100vw, 768px\" \/><\/a><\/figure><\/li><li class=\"blocks-gallery-item\"><figure><a href=\"https:\/\/www.galerie-schmalfuss.de\/wp-content\/uploads\/2021\/05\/ELVIRA-BACH-Glasplastik-Murano-2.jpeg\" data-rel=\"lightbox-gallery-0\" data-rl_title=\"ELVIRA BACH\" data-rl_caption=\"Rote Madonna, 2015 Muranoglas 63 x 24 x 15 cm\" title=\"ELVIRA BACH\"><img decoding=\"async\" width=\"534\" height=\"1024\" src=\"https:\/\/www.galerie-schmalfuss.de\/wp-content\/uploads\/2021\/05\/ELVIRA-BACH-Glasplastik-Murano-2-534x1024.jpeg\" alt=\"\" data-id=\"10627\" data-full-url=\"https:\/\/www.galerie-schmalfuss.de\/wp-content\/uploads\/2021\/05\/ELVIRA-BACH-Glasplastik-Murano-2.jpeg\" data-link=\"https:\/\/www.galerie-schmalfuss.de\/elvira-bach-glasplastik-murano-2\/\" class=\"wp-image-10627\" title=\"\" srcset=\"https:\/\/www.galerie-schmalfuss.de\/wp-content\/uploads\/2021\/05\/ELVIRA-BACH-Glasplastik-Murano-2-534x1024.jpeg 534w, https:\/\/www.galerie-schmalfuss.de\/wp-content\/uploads\/2021\/05\/ELVIRA-BACH-Glasplastik-Murano-2-156x300.jpeg 156w, https:\/\/www.galerie-schmalfuss.de\/wp-content\/uploads\/2021\/05\/ELVIRA-BACH-Glasplastik-Murano-2-768x1473.jpeg 768w, https:\/\/www.galerie-schmalfuss.de\/wp-content\/uploads\/2021\/05\/ELVIRA-BACH-Glasplastik-Murano-2-801x1536.jpeg 801w, https:\/\/www.galerie-schmalfuss.de\/wp-content\/uploads\/2021\/05\/ELVIRA-BACH-Glasplastik-Murano-2.jpeg 1001w\" sizes=\"(max-width: 534px) 100vw, 534px\" \/><\/a><\/figure><\/li><li class=\"blocks-gallery-item\"><figure><a href=\"https:\/\/www.galerie-schmalfuss.de\/wp-content\/uploads\/2021\/05\/ELVIRA-BACH-Glasplastik-Murano-.jpeg\" data-rel=\"lightbox-gallery-0\" data-rl_title=\"ELVIRA BACH\" data-rl_caption=\"Frau mit Turban, 2015 B\u00fcste, Muranoglas 49 x 29 x 27 cm 17\" title=\"ELVIRA BACH\"><img decoding=\"async\" width=\"671\" height=\"1024\" src=\"https:\/\/www.galerie-schmalfuss.de\/wp-content\/uploads\/2021\/05\/ELVIRA-BACH-Glasplastik-Murano--671x1024.jpeg\" alt=\"\" data-id=\"10626\" data-full-url=\"https:\/\/www.galerie-schmalfuss.de\/wp-content\/uploads\/2021\/05\/ELVIRA-BACH-Glasplastik-Murano-.jpeg\" data-link=\"https:\/\/www.galerie-schmalfuss.de\/elvira-bach-glasplastik-murano\/\" class=\"wp-image-10626\" title=\"\" srcset=\"https:\/\/www.galerie-schmalfuss.de\/wp-content\/uploads\/2021\/05\/ELVIRA-BACH-Glasplastik-Murano--671x1024.jpeg 671w, https:\/\/www.galerie-schmalfuss.de\/wp-content\/uploads\/2021\/05\/ELVIRA-BACH-Glasplastik-Murano--197x300.jpeg 197w, https:\/\/www.galerie-schmalfuss.de\/wp-content\/uploads\/2021\/05\/ELVIRA-BACH-Glasplastik-Murano--768x1172.jpeg 768w, https:\/\/www.galerie-schmalfuss.de\/wp-content\/uploads\/2021\/05\/ELVIRA-BACH-Glasplastik-Murano--1006x1536.jpeg 1006w, https:\/\/www.galerie-schmalfuss.de\/wp-content\/uploads\/2021\/05\/ELVIRA-BACH-Glasplastik-Murano-.jpeg 1258w\" sizes=\"(max-width: 671px) 100vw, 671px\" \/><\/a><\/figure><\/li><li class=\"blocks-gallery-item\"><figure><a href=\"https:\/\/www.galerie-schmalfuss.de\/wp-content\/uploads\/2021\/04\/1-ULRIKE-BOLENZ_Weiblicher-Kentaur_2017_200x200cm_Oel-und-Acryl-auf-Leinwand.jpg\" data-rel=\"lightbox-gallery-0\" data-rl_title=\"ULRIKE BOLENZ\" data-rl_caption=\"Weiblicher Kentauer, 2015 \u00d6l und Acryl-Farbe 200 x 200 cm\" title=\"ULRIKE BOLENZ\"><img loading=\"lazy\" decoding=\"async\" width=\"1007\" height=\"1024\" src=\"https:\/\/www.galerie-schmalfuss.de\/wp-content\/uploads\/2021\/04\/1-ULRIKE-BOLENZ_Weiblicher-Kentaur_2017_200x200cm_Oel-und-Acryl-auf-Leinwand-1007x1024.jpg\" alt=\"\" data-id=\"10502\" data-full-url=\"https:\/\/www.galerie-schmalfuss.de\/wp-content\/uploads\/2021\/04\/1-ULRIKE-BOLENZ_Weiblicher-Kentaur_2017_200x200cm_Oel-und-Acryl-auf-Leinwand.jpg\" data-link=\"https:\/\/www.galerie-schmalfuss.de\/index.php\/frauen-power-starke-frauen\/1-ulrike-bolenz_weiblicher-kentaur_2017_200x200cm_oel-und-acryl-auf-leinwand\/\" class=\"wp-image-10502\" title=\"\" srcset=\"https:\/\/www.galerie-schmalfuss.de\/wp-content\/uploads\/2021\/04\/1-ULRIKE-BOLENZ_Weiblicher-Kentaur_2017_200x200cm_Oel-und-Acryl-auf-Leinwand-1007x1024.jpg 1007w, https:\/\/www.galerie-schmalfuss.de\/wp-content\/uploads\/2021\/04\/1-ULRIKE-BOLENZ_Weiblicher-Kentaur_2017_200x200cm_Oel-und-Acryl-auf-Leinwand-295x300.jpg 295w, https:\/\/www.galerie-schmalfuss.de\/wp-content\/uploads\/2021\/04\/1-ULRIKE-BOLENZ_Weiblicher-Kentaur_2017_200x200cm_Oel-und-Acryl-auf-Leinwand-768x781.jpg 768w, https:\/\/www.galerie-schmalfuss.de\/wp-content\/uploads\/2021\/04\/1-ULRIKE-BOLENZ_Weiblicher-Kentaur_2017_200x200cm_Oel-und-Acryl-auf-Leinwand-1510x1536.jpg 1510w, https:\/\/www.galerie-schmalfuss.de\/wp-content\/uploads\/2021\/04\/1-ULRIKE-BOLENZ_Weiblicher-Kentaur_2017_200x200cm_Oel-und-Acryl-auf-Leinwand.jpg 1888w\" sizes=\"(max-width: 1007px) 100vw, 1007px\" \/><\/a><\/figure><\/li><li class=\"blocks-gallery-item\"><figure><a href=\"https:\/\/www.galerie-schmalfuss.de\/wp-content\/uploads\/2021\/04\/2-ULRIKE-BOLENZ_Europa-entsteigt-den-Fluten_2017_200x220-cm_Oel-u-Acryl-auf-Lw.jpg\" data-rel=\"lightbox-gallery-0\" data-rl_title=\"ULRIKE BOLENZ\" data-rl_caption=\"Europa entsteigt den Fluten, 2017 \u00d6l und Acryl-Farbe 200 x 215 cm\" title=\"ULRIKE BOLENZ\"><img loading=\"lazy\" decoding=\"async\" width=\"945\" height=\"1024\" src=\"https:\/\/www.galerie-schmalfuss.de\/wp-content\/uploads\/2021\/04\/2-ULRIKE-BOLENZ_Europa-entsteigt-den-Fluten_2017_200x220-cm_Oel-u-Acryl-auf-Lw-945x1024.jpg\" alt=\"\" data-id=\"10503\" data-full-url=\"https:\/\/www.galerie-schmalfuss.de\/wp-content\/uploads\/2021\/04\/2-ULRIKE-BOLENZ_Europa-entsteigt-den-Fluten_2017_200x220-cm_Oel-u-Acryl-auf-Lw.jpg\" data-link=\"https:\/\/www.galerie-schmalfuss.de\/index.php\/frauen-power-starke-frauen\/2-ulrike-bolenz_europa-entsteigt-den-fluten_2017_200x220-cm_oel-u-acryl-auf-lw\/\" class=\"wp-image-10503\" title=\"\" srcset=\"https:\/\/www.galerie-schmalfuss.de\/wp-content\/uploads\/2021\/04\/2-ULRIKE-BOLENZ_Europa-entsteigt-den-Fluten_2017_200x220-cm_Oel-u-Acryl-auf-Lw-945x1024.jpg 945w, https:\/\/www.galerie-schmalfuss.de\/wp-content\/uploads\/2021\/04\/2-ULRIKE-BOLENZ_Europa-entsteigt-den-Fluten_2017_200x220-cm_Oel-u-Acryl-auf-Lw-277x300.jpg 277w, https:\/\/www.galerie-schmalfuss.de\/wp-content\/uploads\/2021\/04\/2-ULRIKE-BOLENZ_Europa-entsteigt-den-Fluten_2017_200x220-cm_Oel-u-Acryl-auf-Lw-768x832.jpg 768w, https:\/\/www.galerie-schmalfuss.de\/wp-content\/uploads\/2021\/04\/2-ULRIKE-BOLENZ_Europa-entsteigt-den-Fluten_2017_200x220-cm_Oel-u-Acryl-auf-Lw-1418x1536.jpg 1418w, https:\/\/www.galerie-schmalfuss.de\/wp-content\/uploads\/2021\/04\/2-ULRIKE-BOLENZ_Europa-entsteigt-den-Fluten_2017_200x220-cm_Oel-u-Acryl-auf-Lw.jpg 1772w\" sizes=\"(max-width: 945px) 100vw, 945px\" \/><\/a><\/figure><\/li><li class=\"blocks-gallery-item\"><figure><a href=\"https:\/\/www.galerie-schmalfuss.de\/wp-content\/uploads\/2021\/04\/3-ULRIKE-BOLENZ_Seduction_2013_250x200cm_Oel-u-Acryl-auf-Lw.jpg\" data-rel=\"lightbox-gallery-0\" data-rl_title=\"ULRIKE BOLENZ\" data-rl_caption=\"S\u00e9duction, 2013 \u00d6l und Acryl-Farbe 200 x 250 cm 30\" title=\"ULRIKE BOLENZ\"><img loading=\"lazy\" decoding=\"async\" width=\"1024\" height=\"770\" src=\"https:\/\/www.galerie-schmalfuss.de\/wp-content\/uploads\/2021\/04\/3-ULRIKE-BOLENZ_Seduction_2013_250x200cm_Oel-u-Acryl-auf-Lw-1024x770.jpg\" alt=\"\" data-id=\"10504\" data-full-url=\"https:\/\/www.galerie-schmalfuss.de\/wp-content\/uploads\/2021\/04\/3-ULRIKE-BOLENZ_Seduction_2013_250x200cm_Oel-u-Acryl-auf-Lw.jpg\" data-link=\"https:\/\/www.galerie-schmalfuss.de\/index.php\/frauen-power-starke-frauen\/3-ulrike-bolenz_seduction_2013_250x200cm_oel-u-acryl-auf-lw\/\" class=\"wp-image-10504\" title=\"\" srcset=\"https:\/\/www.galerie-schmalfuss.de\/wp-content\/uploads\/2021\/04\/3-ULRIKE-BOLENZ_Seduction_2013_250x200cm_Oel-u-Acryl-auf-Lw-1024x770.jpg 1024w, https:\/\/www.galerie-schmalfuss.de\/wp-content\/uploads\/2021\/04\/3-ULRIKE-BOLENZ_Seduction_2013_250x200cm_Oel-u-Acryl-auf-Lw-300x226.jpg 300w, https:\/\/www.galerie-schmalfuss.de\/wp-content\/uploads\/2021\/04\/3-ULRIKE-BOLENZ_Seduction_2013_250x200cm_Oel-u-Acryl-auf-Lw-768x578.jpg 768w, https:\/\/www.galerie-schmalfuss.de\/wp-content\/uploads\/2021\/04\/3-ULRIKE-BOLENZ_Seduction_2013_250x200cm_Oel-u-Acryl-auf-Lw-1536x1155.jpg 1536w, https:\/\/www.galerie-schmalfuss.de\/wp-content\/uploads\/2021\/04\/3-ULRIKE-BOLENZ_Seduction_2013_250x200cm_Oel-u-Acryl-auf-Lw.jpg 1920w\" sizes=\"(max-width: 1024px) 100vw, 1024px\" \/><\/a><\/figure><\/li><li class=\"blocks-gallery-item\"><figure><a href=\"https:\/\/www.galerie-schmalfuss.de\/wp-content\/uploads\/2021\/04\/4-ULRIKE-BOLENZ_Liegende-IV_2015_200-x-100-cm_Oel-u-Acryl-auf-Lw.jpg\" data-rel=\"lightbox-gallery-0\" data-rl_title=\"ULRIKE BOLENZ\" data-rl_caption=\"Liegende IV, 2015 \u00d6l und Acryl-Farbe 200 x 100 cm\" title=\"ULRIKE BOLENZ\"><img loading=\"lazy\" decoding=\"async\" width=\"1024\" height=\"502\" src=\"https:\/\/www.galerie-schmalfuss.de\/wp-content\/uploads\/2021\/04\/4-ULRIKE-BOLENZ_Liegende-IV_2015_200-x-100-cm_Oel-u-Acryl-auf-Lw-1024x502.jpg\" alt=\"\" data-id=\"10505\" data-full-url=\"https:\/\/www.galerie-schmalfuss.de\/wp-content\/uploads\/2021\/04\/4-ULRIKE-BOLENZ_Liegende-IV_2015_200-x-100-cm_Oel-u-Acryl-auf-Lw.jpg\" data-link=\"https:\/\/www.galerie-schmalfuss.de\/index.php\/frauen-power-starke-frauen\/4-ulrike-bolenz_liegende-iv_2015_200-x-100-cm_oel-u-acryl-auf-lw\/\" class=\"wp-image-10505\" title=\"\" srcset=\"https:\/\/www.galerie-schmalfuss.de\/wp-content\/uploads\/2021\/04\/4-ULRIKE-BOLENZ_Liegende-IV_2015_200-x-100-cm_Oel-u-Acryl-auf-Lw-1024x502.jpg 1024w, https:\/\/www.galerie-schmalfuss.de\/wp-content\/uploads\/2021\/04\/4-ULRIKE-BOLENZ_Liegende-IV_2015_200-x-100-cm_Oel-u-Acryl-auf-Lw-300x147.jpg 300w, https:\/\/www.galerie-schmalfuss.de\/wp-content\/uploads\/2021\/04\/4-ULRIKE-BOLENZ_Liegende-IV_2015_200-x-100-cm_Oel-u-Acryl-auf-Lw-768x376.jpg 768w, https:\/\/www.galerie-schmalfuss.de\/wp-content\/uploads\/2021\/04\/4-ULRIKE-BOLENZ_Liegende-IV_2015_200-x-100-cm_Oel-u-Acryl-auf-Lw-1536x753.jpg 1536w, https:\/\/www.galerie-schmalfuss.de\/wp-content\/uploads\/2021\/04\/4-ULRIKE-BOLENZ_Liegende-IV_2015_200-x-100-cm_Oel-u-Acryl-auf-Lw.jpg 1920w\" sizes=\"(max-width: 1024px) 100vw, 1024px\" \/><\/a><\/figure><\/li><li class=\"blocks-gallery-item\"><figure><a href=\"https:\/\/www.galerie-schmalfuss.de\/wp-content\/uploads\/2021\/04\/5-ULRIKE-BOLENZ_Ikarus-angeschwemmt_2021_120x80cm_Mischtechnik-auf-Leinwand-Vorstudie.jpg\" data-rel=\"lightbox-gallery-0\" data-rl_title=\"ULRIKE BOLENZ\" data-rl_caption=\"Ikarus angeschwemmt 2021 120x80cm Mischtechnik auf Leinwand-Vorstudie\" title=\"ULRIKE BOLENZ\"><img loading=\"lazy\" decoding=\"async\" width=\"1024\" height=\"725\" src=\"https:\/\/www.galerie-schmalfuss.de\/wp-content\/uploads\/2021\/04\/5-ULRIKE-BOLENZ_Ikarus-angeschwemmt_2021_120x80cm_Mischtechnik-auf-Leinwand-Vorstudie-1024x725.jpg\" alt=\"\" data-id=\"10507\" data-full-url=\"https:\/\/www.galerie-schmalfuss.de\/wp-content\/uploads\/2021\/04\/5-ULRIKE-BOLENZ_Ikarus-angeschwemmt_2021_120x80cm_Mischtechnik-auf-Leinwand-Vorstudie.jpg\" data-link=\"https:\/\/www.galerie-schmalfuss.de\/index.php\/frauen-power-starke-frauen\/5-ulrike-bolenz_ikarus-angeschwemmt_2021_120x80cm_mischtechnik-auf-leinwand-vorstudie\/\" class=\"wp-image-10507\" title=\"\" srcset=\"https:\/\/www.galerie-schmalfuss.de\/wp-content\/uploads\/2021\/04\/5-ULRIKE-BOLENZ_Ikarus-angeschwemmt_2021_120x80cm_Mischtechnik-auf-Leinwand-Vorstudie-1024x725.jpg 1024w, https:\/\/www.galerie-schmalfuss.de\/wp-content\/uploads\/2021\/04\/5-ULRIKE-BOLENZ_Ikarus-angeschwemmt_2021_120x80cm_Mischtechnik-auf-Leinwand-Vorstudie-300x213.jpg 300w, https:\/\/www.galerie-schmalfuss.de\/wp-content\/uploads\/2021\/04\/5-ULRIKE-BOLENZ_Ikarus-angeschwemmt_2021_120x80cm_Mischtechnik-auf-Leinwand-Vorstudie-768x544.jpg 768w, https:\/\/www.galerie-schmalfuss.de\/wp-content\/uploads\/2021\/04\/5-ULRIKE-BOLENZ_Ikarus-angeschwemmt_2021_120x80cm_Mischtechnik-auf-Leinwand-Vorstudie-1536x1088.jpg 1536w, https:\/\/www.galerie-schmalfuss.de\/wp-content\/uploads\/2021\/04\/5-ULRIKE-BOLENZ_Ikarus-angeschwemmt_2021_120x80cm_Mischtechnik-auf-Leinwand-Vorstudie.jpg 1920w\" sizes=\"(max-width: 1024px) 100vw, 1024px\" \/><\/a><figcaption class=\"blocks-gallery-item__caption\">Ikarus angeschwemmt\n2021\n120x80cm\nMischtechnik auf Leinwand-Vorstudie<\/figcaption><\/figure><\/li><li class=\"blocks-gallery-item\"><figure><a href=\"https:\/\/www.galerie-schmalfuss.de\/wp-content\/uploads\/2021\/04\/6-ULRIKE-BOLENZ_Im-Garten_2021_90-x-100-cm_Mischtechnik-auf-Lw.jpg\" data-rel=\"lightbox-gallery-0\" data-rl_title=\"ULRIKE BOLENZ\" data-rl_caption=\"Im Garten 2021 90 x 100 cm Mischtechnik auf Leinwand\" title=\"ULRIKE BOLENZ\"><img loading=\"lazy\" decoding=\"async\" width=\"677\" height=\"1024\" src=\"https:\/\/www.galerie-schmalfuss.de\/wp-content\/uploads\/2021\/04\/6-ULRIKE-BOLENZ_Im-Garten_2021_90-x-100-cm_Mischtechnik-auf-Lw-677x1024.jpg\" alt=\"\" data-id=\"10508\" data-full-url=\"https:\/\/www.galerie-schmalfuss.de\/wp-content\/uploads\/2021\/04\/6-ULRIKE-BOLENZ_Im-Garten_2021_90-x-100-cm_Mischtechnik-auf-Lw.jpg\" data-link=\"https:\/\/www.galerie-schmalfuss.de\/index.php\/frauen-power-starke-frauen\/6-ulrike-bolenz_im-garten_2021_90-x-100-cm_mischtechnik-auf-lw\/\" class=\"wp-image-10508\" title=\"\" srcset=\"https:\/\/www.galerie-schmalfuss.de\/wp-content\/uploads\/2021\/04\/6-ULRIKE-BOLENZ_Im-Garten_2021_90-x-100-cm_Mischtechnik-auf-Lw-677x1024.jpg 677w, https:\/\/www.galerie-schmalfuss.de\/wp-content\/uploads\/2021\/04\/6-ULRIKE-BOLENZ_Im-Garten_2021_90-x-100-cm_Mischtechnik-auf-Lw-198x300.jpg 198w, https:\/\/www.galerie-schmalfuss.de\/wp-content\/uploads\/2021\/04\/6-ULRIKE-BOLENZ_Im-Garten_2021_90-x-100-cm_Mischtechnik-auf-Lw-768x1162.jpg 768w, https:\/\/www.galerie-schmalfuss.de\/wp-content\/uploads\/2021\/04\/6-ULRIKE-BOLENZ_Im-Garten_2021_90-x-100-cm_Mischtechnik-auf-Lw-1015x1536.jpg 1015w, https:\/\/www.galerie-schmalfuss.de\/wp-content\/uploads\/2021\/04\/6-ULRIKE-BOLENZ_Im-Garten_2021_90-x-100-cm_Mischtechnik-auf-Lw.jpg 1269w\" sizes=\"(max-width: 677px) 100vw, 677px\" \/><\/a><figcaption class=\"blocks-gallery-item__caption\">Im Garten\n2021\n90 x 100 cm\nMischtechnik auf Leinwand<\/figcaption><\/figure><\/li><li class=\"blocks-gallery-item\"><figure><a href=\"https:\/\/www.galerie-schmalfuss.de\/wp-content\/uploads\/2021\/04\/Atelier-ELVIRA-BACH-7.4.2021-G_3365.jpg\" data-rel=\"lightbox-gallery-0\" data-rl_title=\"ELVIRA BACH\" data-rl_caption=\"2020, Glaube Liebe Hoffnung, 190x230\" title=\"ELVIRA BACH\"><img loading=\"lazy\" decoding=\"async\" width=\"1024\" height=\"858\" src=\"https:\/\/www.galerie-schmalfuss.de\/wp-content\/uploads\/2021\/04\/Atelier-ELVIRA-BACH-7.4.2021-G_3365-1024x858.jpg\" alt=\"\" data-id=\"10509\" data-full-url=\"https:\/\/www.galerie-schmalfuss.de\/wp-content\/uploads\/2021\/04\/Atelier-ELVIRA-BACH-7.4.2021-G_3365.jpg\" data-link=\"https:\/\/www.galerie-schmalfuss.de\/index.php\/frauen-power-starke-frauen\/atelier-elvira-bach-7-4-2021-g_3365\/\" class=\"wp-image-10509\" title=\"\" srcset=\"https:\/\/www.galerie-schmalfuss.de\/wp-content\/uploads\/2021\/04\/Atelier-ELVIRA-BACH-7.4.2021-G_3365-1024x858.jpg 1024w, https:\/\/www.galerie-schmalfuss.de\/wp-content\/uploads\/2021\/04\/Atelier-ELVIRA-BACH-7.4.2021-G_3365-300x251.jpg 300w, https:\/\/www.galerie-schmalfuss.de\/wp-content\/uploads\/2021\/04\/Atelier-ELVIRA-BACH-7.4.2021-G_3365-768x644.jpg 768w, https:\/\/www.galerie-schmalfuss.de\/wp-content\/uploads\/2021\/04\/Atelier-ELVIRA-BACH-7.4.2021-G_3365-1536x1287.jpg 1536w, https:\/\/www.galerie-schmalfuss.de\/wp-content\/uploads\/2021\/04\/Atelier-ELVIRA-BACH-7.4.2021-G_3365.jpg 1920w\" sizes=\"(max-width: 1024px) 100vw, 1024px\" \/><\/a><figcaption class=\"blocks-gallery-item__caption\">7.4.2021 \nAtelier \nG_3365<\/figcaption><\/figure><\/li><li class=\"blocks-gallery-item\"><figure><a href=\"https:\/\/www.galerie-schmalfuss.de\/wp-content\/uploads\/2021\/04\/ELVIRA-BACH-Lieblingsfarbe-2018-140-x-230-Acryl-auf-Leinwand.jpg\" data-rel=\"lightbox-gallery-0\" data-rl_title=\"ELVIRA BACH\" data-rl_caption=\"Lieblingsfarbe, 2018, 140 x 230, Acryl auf Leinwand\" title=\"ELVIRA BACH\"><img loading=\"lazy\" decoding=\"async\" width=\"1024\" height=\"598\" src=\"https:\/\/www.galerie-schmalfuss.de\/wp-content\/uploads\/2021\/04\/ELVIRA-BACH-Lieblingsfarbe-2018-140-x-230-Acryl-auf-Leinwand-1024x598.jpg\" alt=\"\" data-id=\"10510\" data-full-url=\"https:\/\/www.galerie-schmalfuss.de\/wp-content\/uploads\/2021\/04\/ELVIRA-BACH-Lieblingsfarbe-2018-140-x-230-Acryl-auf-Leinwand.jpg\" data-link=\"https:\/\/www.galerie-schmalfuss.de\/index.php\/frauen-power-starke-frauen\/elvira-bach-lieblingsfarbe-2018-140-x-230-acryl-auf-leinwand\/\" class=\"wp-image-10510\" title=\"\" srcset=\"https:\/\/www.galerie-schmalfuss.de\/wp-content\/uploads\/2021\/04\/ELVIRA-BACH-Lieblingsfarbe-2018-140-x-230-Acryl-auf-Leinwand-1024x598.jpg 1024w, https:\/\/www.galerie-schmalfuss.de\/wp-content\/uploads\/2021\/04\/ELVIRA-BACH-Lieblingsfarbe-2018-140-x-230-Acryl-auf-Leinwand-300x175.jpg 300w, https:\/\/www.galerie-schmalfuss.de\/wp-content\/uploads\/2021\/04\/ELVIRA-BACH-Lieblingsfarbe-2018-140-x-230-Acryl-auf-Leinwand-768x449.jpg 768w, https:\/\/www.galerie-schmalfuss.de\/wp-content\/uploads\/2021\/04\/ELVIRA-BACH-Lieblingsfarbe-2018-140-x-230-Acryl-auf-Leinwand-1536x898.jpg 1536w, https:\/\/www.galerie-schmalfuss.de\/wp-content\/uploads\/2021\/04\/ELVIRA-BACH-Lieblingsfarbe-2018-140-x-230-Acryl-auf-Leinwand.jpg 1920w\" sizes=\"(max-width: 1024px) 100vw, 1024px\" \/><\/a><figcaption class=\"blocks-gallery-item__caption\">Lieblingsfarbe, \n2018, \n140 x 230, \nAcryl auf Leinwand<\/figcaption><\/figure><\/li><li class=\"blocks-gallery-item\"><figure><a href=\"https:\/\/www.galerie-schmalfuss.de\/wp-content\/uploads\/2021\/04\/SABINE-DEHNEL-Jorinde-total-112x40x40.jpg\" data-rel=\"lightbox-gallery-0\" data-rl_title=\"SABINE DEHNEL\" data-rl_caption=\"Jorinde, 2021 Styropor, Holz, Nylonstrumpfhosen, Draht, Spiegel, Motor 112 x 40 x 40 cm\" title=\"SABINE DEHNEL\"><img loading=\"lazy\" decoding=\"async\" width=\"704\" height=\"1024\" src=\"https:\/\/www.galerie-schmalfuss.de\/wp-content\/uploads\/2021\/04\/SABINE-DEHNEL-Jorinde-total-112x40x40-704x1024.jpg\" alt=\"\" data-id=\"10528\" data-full-url=\"https:\/\/www.galerie-schmalfuss.de\/wp-content\/uploads\/2021\/04\/SABINE-DEHNEL-Jorinde-total-112x40x40.jpg\" data-link=\"https:\/\/www.galerie-schmalfuss.de\/index.php\/frauen-power-starke-frauen\/sabine-dehnel-jorinde-total-112x40x40\/\" class=\"wp-image-10528\" title=\"\" srcset=\"https:\/\/www.galerie-schmalfuss.de\/wp-content\/uploads\/2021\/04\/SABINE-DEHNEL-Jorinde-total-112x40x40-704x1024.jpg 704w, https:\/\/www.galerie-schmalfuss.de\/wp-content\/uploads\/2021\/04\/SABINE-DEHNEL-Jorinde-total-112x40x40-206x300.jpg 206w, https:\/\/www.galerie-schmalfuss.de\/wp-content\/uploads\/2021\/04\/SABINE-DEHNEL-Jorinde-total-112x40x40-768x1117.jpg 768w, https:\/\/www.galerie-schmalfuss.de\/wp-content\/uploads\/2021\/04\/SABINE-DEHNEL-Jorinde-total-112x40x40-1056x1536.jpg 1056w, https:\/\/www.galerie-schmalfuss.de\/wp-content\/uploads\/2021\/04\/SABINE-DEHNEL-Jorinde-total-112x40x40.jpg 1320w\" sizes=\"(max-width: 704px) 100vw, 704px\" \/><\/a><figcaption class=\"blocks-gallery-item__caption\">Jorinde-Total\n112x40x40<\/figcaption><\/figure><\/li><li class=\"blocks-gallery-item\"><figure><a href=\"https:\/\/www.galerie-schmalfuss.de\/wp-content\/uploads\/2021\/04\/SABINE-DEHNEL-Jorinde-2021-112x40x40-cm_14.000.jpg\" data-rel=\"lightbox-gallery-0\" data-rl_title=\"SABINE DEHNEL\" data-rl_caption=\"Jorinde, 2021 Styropor, Holz, Nylonstrumpfhosen, Draht, Spiegel, Motor 112 x 40 x 40 cm\" title=\"SABINE DEHNEL\"><img loading=\"lazy\" decoding=\"async\" width=\"686\" height=\"1024\" src=\"https:\/\/www.galerie-schmalfuss.de\/wp-content\/uploads\/2021\/04\/SABINE-DEHNEL-Jorinde-2021-112x40x40-cm_14.000-686x1024.jpg\" alt=\"\" data-id=\"10526\" data-full-url=\"https:\/\/www.galerie-schmalfuss.de\/wp-content\/uploads\/2021\/04\/SABINE-DEHNEL-Jorinde-2021-112x40x40-cm_14.000.jpg\" data-link=\"https:\/\/www.galerie-schmalfuss.de\/index.php\/frauen-power-starke-frauen\/sabine-dehnel-jorinde-2021-112x40x40-cm_14-000\/\" class=\"wp-image-10526\" title=\"\" srcset=\"https:\/\/www.galerie-schmalfuss.de\/wp-content\/uploads\/2021\/04\/SABINE-DEHNEL-Jorinde-2021-112x40x40-cm_14.000-686x1024.jpg 686w, https:\/\/www.galerie-schmalfuss.de\/wp-content\/uploads\/2021\/04\/SABINE-DEHNEL-Jorinde-2021-112x40x40-cm_14.000-201x300.jpg 201w, https:\/\/www.galerie-schmalfuss.de\/wp-content\/uploads\/2021\/04\/SABINE-DEHNEL-Jorinde-2021-112x40x40-cm_14.000-768x1146.jpg 768w, https:\/\/www.galerie-schmalfuss.de\/wp-content\/uploads\/2021\/04\/SABINE-DEHNEL-Jorinde-2021-112x40x40-cm_14.000-1030x1536.jpg 1030w, https:\/\/www.galerie-schmalfuss.de\/wp-content\/uploads\/2021\/04\/SABINE-DEHNEL-Jorinde-2021-112x40x40-cm_14.000.jpg 1287w\" sizes=\"(max-width: 686px) 100vw, 686px\" \/><\/a><figcaption class=\"blocks-gallery-item__caption\">Jorinde, 2021, \n112x40x40 cm\n14.000\u20ac<\/figcaption><\/figure><\/li><li class=\"blocks-gallery-item\"><figure><a href=\"https:\/\/www.galerie-schmalfuss.de\/wp-content\/uploads\/2021\/04\/Miniatur2_2020_Laura_Eckert.jpg\" data-rel=\"lightbox-gallery-0\" data-rl_title=\"Laura Eckert\" data-rl_caption=\"Miniatur2, 2021 Kirsche, Eiche, Efeu, Pigment 31 x 40 x 31 cm\" title=\"Laura Eckert\"><img loading=\"lazy\" decoding=\"async\" width=\"682\" height=\"1024\" src=\"https:\/\/www.galerie-schmalfuss.de\/wp-content\/uploads\/2021\/04\/Miniatur2_2020_Laura_Eckert-682x1024.jpg\" alt=\"\" data-id=\"10525\" data-full-url=\"https:\/\/www.galerie-schmalfuss.de\/wp-content\/uploads\/2021\/04\/Miniatur2_2020_Laura_Eckert.jpg\" data-link=\"https:\/\/www.galerie-schmalfuss.de\/index.php\/frauen-power-starke-frauen\/miniatur2_2020_laura_eckert\/\" class=\"wp-image-10525\" title=\"\" srcset=\"https:\/\/www.galerie-schmalfuss.de\/wp-content\/uploads\/2021\/04\/Miniatur2_2020_Laura_Eckert-682x1024.jpg 682w, https:\/\/www.galerie-schmalfuss.de\/wp-content\/uploads\/2021\/04\/Miniatur2_2020_Laura_Eckert-200x300.jpg 200w, https:\/\/www.galerie-schmalfuss.de\/wp-content\/uploads\/2021\/04\/Miniatur2_2020_Laura_Eckert-768x1152.jpg 768w, https:\/\/www.galerie-schmalfuss.de\/wp-content\/uploads\/2021\/04\/Miniatur2_2020_Laura_Eckert-1024x1536.jpg 1024w, https:\/\/www.galerie-schmalfuss.de\/wp-content\/uploads\/2021\/04\/Miniatur2_2020_Laura_Eckert.jpg 1181w\" sizes=\"(max-width: 682px) 100vw, 682px\" \/><\/a><figcaption class=\"blocks-gallery-item__caption\">2020\nMiniatur2<\/figcaption><\/figure><\/li><li class=\"blocks-gallery-item\"><figure><a href=\"https:\/\/www.galerie-schmalfuss.de\/wp-content\/uploads\/2021\/04\/her_2017_laura_eckert_front.jpg\" data-rel=\"lightbox-gallery-0\" data-rl_title=\"LAURA ECKERT\" data-rl_caption=\"Her, 2017 Eichenparkett, Farbe 194 x 63 x 42 cm\" title=\"LAURA ECKERT\"><img loading=\"lazy\" decoding=\"async\" width=\"683\" height=\"1024\" src=\"https:\/\/www.galerie-schmalfuss.de\/wp-content\/uploads\/2021\/04\/her_2017_laura_eckert_front-683x1024.jpg\" alt=\"\" data-id=\"10511\" data-full-url=\"https:\/\/www.galerie-schmalfuss.de\/wp-content\/uploads\/2021\/04\/her_2017_laura_eckert_front.jpg\" data-link=\"https:\/\/www.galerie-schmalfuss.de\/index.php\/frauen-power-starke-frauen\/her_2017_laura_eckert_front\/\" class=\"wp-image-10511\" title=\"\" srcset=\"https:\/\/www.galerie-schmalfuss.de\/wp-content\/uploads\/2021\/04\/her_2017_laura_eckert_front-683x1024.jpg 683w, https:\/\/www.galerie-schmalfuss.de\/wp-content\/uploads\/2021\/04\/her_2017_laura_eckert_front-200x300.jpg 200w, https:\/\/www.galerie-schmalfuss.de\/wp-content\/uploads\/2021\/04\/her_2017_laura_eckert_front-768x1152.jpg 768w, https:\/\/www.galerie-schmalfuss.de\/wp-content\/uploads\/2021\/04\/her_2017_laura_eckert_front-1024x1536.jpg 1024w, https:\/\/www.galerie-schmalfuss.de\/wp-content\/uploads\/2021\/04\/her_2017_laura_eckert_front.jpg 1280w\" sizes=\"(max-width: 683px) 100vw, 683px\" \/><\/a><\/figure><\/li><li class=\"blocks-gallery-item\"><figure><a href=\"https:\/\/www.galerie-schmalfuss.de\/wp-content\/uploads\/2021\/04\/Justine-Otto-o.t-cactus-190-x-170cm-Oel-auf-Leinwand-2018.jpg\" data-rel=\"lightbox-gallery-0\" data-rl_title=\"Justine Otto\" data-rl_caption=\"o.t( cactus), 190 x 170cm, \u00d6l auf Leinwand, 2018\" title=\"Justine Otto\"><img loading=\"lazy\" decoding=\"async\" width=\"921\" height=\"1024\" src=\"https:\/\/www.galerie-schmalfuss.de\/wp-content\/uploads\/2021\/04\/Justine-Otto-o.t-cactus-190-x-170cm-Oel-auf-Leinwand-2018-921x1024.jpg\" alt=\"\" data-id=\"10512\" data-full-url=\"https:\/\/www.galerie-schmalfuss.de\/wp-content\/uploads\/2021\/04\/Justine-Otto-o.t-cactus-190-x-170cm-Oel-auf-Leinwand-2018.jpg\" data-link=\"https:\/\/www.galerie-schmalfuss.de\/index.php\/frauen-power-starke-frauen\/justine-otto-o-t-cactus-190-x-170cm-oel-auf-leinwand-2018\/\" class=\"wp-image-10512\" title=\"\" srcset=\"https:\/\/www.galerie-schmalfuss.de\/wp-content\/uploads\/2021\/04\/Justine-Otto-o.t-cactus-190-x-170cm-Oel-auf-Leinwand-2018-921x1024.jpg 921w, https:\/\/www.galerie-schmalfuss.de\/wp-content\/uploads\/2021\/04\/Justine-Otto-o.t-cactus-190-x-170cm-Oel-auf-Leinwand-2018-270x300.jpg 270w, https:\/\/www.galerie-schmalfuss.de\/wp-content\/uploads\/2021\/04\/Justine-Otto-o.t-cactus-190-x-170cm-Oel-auf-Leinwand-2018-768x854.jpg 768w, https:\/\/www.galerie-schmalfuss.de\/wp-content\/uploads\/2021\/04\/Justine-Otto-o.t-cactus-190-x-170cm-Oel-auf-Leinwand-2018-1381x1536.jpg 1381w, https:\/\/www.galerie-schmalfuss.de\/wp-content\/uploads\/2021\/04\/Justine-Otto-o.t-cactus-190-x-170cm-Oel-auf-Leinwand-2018.jpg 1726w\" sizes=\"(max-width: 921px) 100vw, 921px\" \/><\/a><figcaption class=\"blocks-gallery-item__caption\">o.t( cactus), \n190 x 170cm, \n\u00d6l auf Leinwand, \n2018<\/figcaption><\/figure><\/li><li class=\"blocks-gallery-item\"><figure><a href=\"https:\/\/www.galerie-schmalfuss.de\/wp-content\/uploads\/2021\/04\/Justine-Otto_Kjell_55x55cm_oil-on-mdf_2017.jpg\" data-rel=\"lightbox-gallery-0\" data-rl_title=\"Justine Otto\" data-rl_caption=\"2017, Kjell, 55x55cm, \u00d6l auf MDF\" title=\"Justine Otto\"><img loading=\"lazy\" decoding=\"async\" width=\"1024\" height=\"1024\" src=\"https:\/\/www.galerie-schmalfuss.de\/wp-content\/uploads\/2021\/04\/Justine-Otto_Kjell_55x55cm_oil-on-mdf_2017-1024x1024.jpg\" alt=\"\" data-id=\"10515\" data-full-url=\"https:\/\/www.galerie-schmalfuss.de\/wp-content\/uploads\/2021\/04\/Justine-Otto_Kjell_55x55cm_oil-on-mdf_2017.jpg\" data-link=\"https:\/\/www.galerie-schmalfuss.de\/index.php\/frauen-power-starke-frauen\/justine-otto_kjell_55x55cm_oil-on-mdf_2017\/\" class=\"wp-image-10515\" title=\"\" srcset=\"https:\/\/www.galerie-schmalfuss.de\/wp-content\/uploads\/2021\/04\/Justine-Otto_Kjell_55x55cm_oil-on-mdf_2017-1024x1024.jpg 1024w, https:\/\/www.galerie-schmalfuss.de\/wp-content\/uploads\/2021\/04\/Justine-Otto_Kjell_55x55cm_oil-on-mdf_2017-300x300.jpg 300w, https:\/\/www.galerie-schmalfuss.de\/wp-content\/uploads\/2021\/04\/Justine-Otto_Kjell_55x55cm_oil-on-mdf_2017-150x150.jpg 150w, https:\/\/www.galerie-schmalfuss.de\/wp-content\/uploads\/2021\/04\/Justine-Otto_Kjell_55x55cm_oil-on-mdf_2017-768x768.jpg 768w, https:\/\/www.galerie-schmalfuss.de\/wp-content\/uploads\/2021\/04\/Justine-Otto_Kjell_55x55cm_oil-on-mdf_2017-1536x1536.jpg 1536w, https:\/\/www.galerie-schmalfuss.de\/wp-content\/uploads\/2021\/04\/Justine-Otto_Kjell_55x55cm_oil-on-mdf_2017.jpg 1920w\" sizes=\"(max-width: 1024px) 100vw, 1024px\" \/><\/a><figcaption class=\"blocks-gallery-item__caption\">2017,\nKjell,\n55x55cm,\n\u00d6l auf MDF<\/figcaption><\/figure><\/li><li class=\"blocks-gallery-item\"><figure><a href=\"https:\/\/www.galerie-schmalfuss.de\/wp-content\/uploads\/2021\/04\/Justine-Otto-W6A1893-55x55cm_oil-on-mdf_2017.jpg\" data-rel=\"lightbox-gallery-0\" data-rl_title=\"Justine Otto\" data-rl_caption=\"W6A1893, 55x55cm, oil on mdf 2017\" title=\"Justine Otto\"><img loading=\"lazy\" decoding=\"async\" width=\"1024\" height=\"1024\" src=\"https:\/\/www.galerie-schmalfuss.de\/wp-content\/uploads\/2021\/04\/Justine-Otto-W6A1893-55x55cm_oil-on-mdf_2017-1024x1024.jpg\" alt=\"\" data-id=\"10514\" data-full-url=\"https:\/\/www.galerie-schmalfuss.de\/wp-content\/uploads\/2021\/04\/Justine-Otto-W6A1893-55x55cm_oil-on-mdf_2017.jpg\" data-link=\"https:\/\/www.galerie-schmalfuss.de\/index.php\/frauen-power-starke-frauen\/justine-otto-w6a1893-55x55cm_oil-on-mdf_2017\/\" class=\"wp-image-10514\" title=\"\" srcset=\"https:\/\/www.galerie-schmalfuss.de\/wp-content\/uploads\/2021\/04\/Justine-Otto-W6A1893-55x55cm_oil-on-mdf_2017-1024x1024.jpg 1024w, https:\/\/www.galerie-schmalfuss.de\/wp-content\/uploads\/2021\/04\/Justine-Otto-W6A1893-55x55cm_oil-on-mdf_2017-300x300.jpg 300w, https:\/\/www.galerie-schmalfuss.de\/wp-content\/uploads\/2021\/04\/Justine-Otto-W6A1893-55x55cm_oil-on-mdf_2017-150x150.jpg 150w, https:\/\/www.galerie-schmalfuss.de\/wp-content\/uploads\/2021\/04\/Justine-Otto-W6A1893-55x55cm_oil-on-mdf_2017-768x768.jpg 768w, https:\/\/www.galerie-schmalfuss.de\/wp-content\/uploads\/2021\/04\/Justine-Otto-W6A1893-55x55cm_oil-on-mdf_2017-1536x1536.jpg 1536w, https:\/\/www.galerie-schmalfuss.de\/wp-content\/uploads\/2021\/04\/Justine-Otto-W6A1893-55x55cm_oil-on-mdf_2017.jpg 1920w\" sizes=\"(max-width: 1024px) 100vw, 1024px\" \/><\/a><figcaption class=\"blocks-gallery-item__caption\">W6A1893,\n55x55cm,\noil on mdf\n2017<\/figcaption><\/figure><\/li><li class=\"blocks-gallery-item\"><figure><a href=\"https:\/\/www.galerie-schmalfuss.de\/wp-content\/uploads\/2021\/04\/Justine-Otto-once-upon-a-time150-x-120-cm-oil-on-canvas-2020.jpg\" data-rel=\"lightbox-gallery-0\" data-rl_title=\"Justine Otto\" data-rl_caption=\"once upon a time, 150 x 120 cm, oil on canvas, 2020\" title=\"Justine Otto\"><img loading=\"lazy\" decoding=\"async\" width=\"1024\" height=\"946\" src=\"https:\/\/www.galerie-schmalfuss.de\/wp-content\/uploads\/2021\/04\/Justine-Otto-once-upon-a-time150-x-120-cm-oil-on-canvas-2020-1024x946.jpg\" alt=\"\" data-id=\"10513\" data-full-url=\"https:\/\/www.galerie-schmalfuss.de\/wp-content\/uploads\/2021\/04\/Justine-Otto-once-upon-a-time150-x-120-cm-oil-on-canvas-2020.jpg\" data-link=\"https:\/\/www.galerie-schmalfuss.de\/index.php\/frauen-power-starke-frauen\/justine-otto-once-upon-a-time150-x-120-cm-oil-on-canvas-2020\/\" class=\"wp-image-10513\" title=\"\" srcset=\"https:\/\/www.galerie-schmalfuss.de\/wp-content\/uploads\/2021\/04\/Justine-Otto-once-upon-a-time150-x-120-cm-oil-on-canvas-2020-1024x946.jpg 1024w, https:\/\/www.galerie-schmalfuss.de\/wp-content\/uploads\/2021\/04\/Justine-Otto-once-upon-a-time150-x-120-cm-oil-on-canvas-2020-300x277.jpg 300w, https:\/\/www.galerie-schmalfuss.de\/wp-content\/uploads\/2021\/04\/Justine-Otto-once-upon-a-time150-x-120-cm-oil-on-canvas-2020-768x709.jpg 768w, https:\/\/www.galerie-schmalfuss.de\/wp-content\/uploads\/2021\/04\/Justine-Otto-once-upon-a-time150-x-120-cm-oil-on-canvas-2020-1536x1418.jpg 1536w, https:\/\/www.galerie-schmalfuss.de\/wp-content\/uploads\/2021\/04\/Justine-Otto-once-upon-a-time150-x-120-cm-oil-on-canvas-2020.jpg 1920w\" sizes=\"(max-width: 1024px) 100vw, 1024px\" \/><\/a><figcaption class=\"blocks-gallery-item__caption\">once upon a time,\n150 x 120 cm, \noil on canvas, \n2020<\/figcaption><\/figure><\/li><li class=\"blocks-gallery-item\"><figure><a href=\"https:\/\/www.galerie-schmalfuss.de\/wp-content\/uploads\/2021\/04\/LUZIA-SIMONS-Stockage_185_2020_70x50_1AP15_Lightjet_Diasec-Kopie.png\" data-rel=\"lightbox-gallery-0\" data-rl_title=\"LUZIA SIMONS\" data-rl_caption=\"Stockage 185, 2020 Scannogramm, Lightjet Print \/ Diasec 4 mm 70 x 50 cm 11\/15 + 1AP\" title=\"LUZIA SIMONS\"><img loading=\"lazy\" decoding=\"async\" width=\"454\" height=\"636\" src=\"https:\/\/www.galerie-schmalfuss.de\/wp-content\/uploads\/2021\/04\/LUZIA-SIMONS-Stockage_185_2020_70x50_1AP15_Lightjet_Diasec-Kopie.png\" alt=\"\" data-id=\"10524\" data-full-url=\"https:\/\/www.galerie-schmalfuss.de\/wp-content\/uploads\/2021\/04\/LUZIA-SIMONS-Stockage_185_2020_70x50_1AP15_Lightjet_Diasec-Kopie.png\" data-link=\"https:\/\/www.galerie-schmalfuss.de\/index.php\/frauen-power-starke-frauen\/luzia-simons-stockage_185_2020_70x50_1ap15_lightjet_diasec-kopie\/\" class=\"wp-image-10524\" title=\"\" srcset=\"https:\/\/www.galerie-schmalfuss.de\/wp-content\/uploads\/2021\/04\/LUZIA-SIMONS-Stockage_185_2020_70x50_1AP15_Lightjet_Diasec-Kopie.png 454w, https:\/\/www.galerie-schmalfuss.de\/wp-content\/uploads\/2021\/04\/LUZIA-SIMONS-Stockage_185_2020_70x50_1AP15_Lightjet_Diasec-Kopie-214x300.png 214w\" sizes=\"(max-width: 454px) 100vw, 454px\" \/><\/a><figcaption class=\"blocks-gallery-item__caption\">Stockage\n185 2020 70&#215;50 1AP\n15 Lightjet Diasec <\/figcaption><\/figure><\/li><li class=\"blocks-gallery-item\"><figure><a href=\"https:\/\/www.galerie-schmalfuss.de\/wp-content\/uploads\/2021\/04\/LUZIA-SIMONS-Stockage_178_2017_70x50cm_1AP15_Lightjet_Diasec-\u00a9-Luzia-S6.jpg\" data-rel=\"lightbox-gallery-0\" data-rl_title=\"LUZIA SIMONS\" data-rl_caption=\"Stockage 178, 2020 Scannogramm, Lightjet Print \/ Diasec 4 mm 70 x 50 cm 13\/15 + 1AP\" title=\"LUZIA SIMONS\"><img loading=\"lazy\" decoding=\"async\" width=\"733\" height=\"1024\" src=\"https:\/\/www.galerie-schmalfuss.de\/wp-content\/uploads\/2021\/04\/LUZIA-SIMONS-Stockage_178_2017_70x50cm_1AP15_Lightjet_Diasec-\u00a9-Luzia-S6-733x1024.jpg\" alt=\"\" data-id=\"10523\" data-full-url=\"https:\/\/www.galerie-schmalfuss.de\/wp-content\/uploads\/2021\/04\/LUZIA-SIMONS-Stockage_178_2017_70x50cm_1AP15_Lightjet_Diasec-\u00a9-Luzia-S6.jpg\" data-link=\"https:\/\/www.galerie-schmalfuss.de\/index.php\/frauen-power-starke-frauen\/serie-stockage-3\/\" class=\"wp-image-10523\" title=\"\" srcset=\"https:\/\/www.galerie-schmalfuss.de\/wp-content\/uploads\/2021\/04\/LUZIA-SIMONS-Stockage_178_2017_70x50cm_1AP15_Lightjet_Diasec-\u00a9-Luzia-S6-733x1024.jpg 733w, https:\/\/www.galerie-schmalfuss.de\/wp-content\/uploads\/2021\/04\/LUZIA-SIMONS-Stockage_178_2017_70x50cm_1AP15_Lightjet_Diasec-\u00a9-Luzia-S6-215x300.jpg 215w, https:\/\/www.galerie-schmalfuss.de\/wp-content\/uploads\/2021\/04\/LUZIA-SIMONS-Stockage_178_2017_70x50cm_1AP15_Lightjet_Diasec-\u00a9-Luzia-S6-768x1072.jpg 768w, https:\/\/www.galerie-schmalfuss.de\/wp-content\/uploads\/2021\/04\/LUZIA-SIMONS-Stockage_178_2017_70x50cm_1AP15_Lightjet_Diasec-\u00a9-Luzia-S6-1100x1536.jpg 1100w, https:\/\/www.galerie-schmalfuss.de\/wp-content\/uploads\/2021\/04\/LUZIA-SIMONS-Stockage_178_2017_70x50cm_1AP15_Lightjet_Diasec-\u00a9-Luzia-S6.jpg 1181w\" sizes=\"(max-width: 733px) 100vw, 733px\" \/><\/a><figcaption class=\"blocks-gallery-item__caption\">Scannogramm<\/figcaption><\/figure><\/li><li class=\"blocks-gallery-item\"><figure><a href=\"https:\/\/www.galerie-schmalfuss.de\/wp-content\/uploads\/2021\/04\/LUZIA-SIMONS-Stockage_140_2020_40x30cm_5AP15_Lightjet_Diasec-\u00a9-Luzia.jpg\" data-rel=\"lightbox-gallery-0\" data-rl_title=\"LUZIA SIMONS\" data-rl_caption=\"Stockage 140, 2020 Scannogramm, Lightjet Print \/ Diasec 4 mm 40 x 30 x 3,5 cm 07\/15 + 5 AP\" title=\"LUZIA SIMONS\"><img loading=\"lazy\" decoding=\"async\" width=\"768\" height=\"1024\" src=\"https:\/\/www.galerie-schmalfuss.de\/wp-content\/uploads\/2021\/04\/LUZIA-SIMONS-Stockage_140_2020_40x30cm_5AP15_Lightjet_Diasec-\u00a9-Luzia-768x1024.jpg\" alt=\"\" data-id=\"10522\" data-full-url=\"https:\/\/www.galerie-schmalfuss.de\/wp-content\/uploads\/2021\/04\/LUZIA-SIMONS-Stockage_140_2020_40x30cm_5AP15_Lightjet_Diasec-\u00a9-Luzia.jpg\" data-link=\"https:\/\/www.galerie-schmalfuss.de\/index.php\/frauen-power-starke-frauen\/scannogramm\/\" class=\"wp-image-10522\" title=\"\" srcset=\"https:\/\/www.galerie-schmalfuss.de\/wp-content\/uploads\/2021\/04\/LUZIA-SIMONS-Stockage_140_2020_40x30cm_5AP15_Lightjet_Diasec-\u00a9-Luzia-768x1024.jpg 768w, https:\/\/www.galerie-schmalfuss.de\/wp-content\/uploads\/2021\/04\/LUZIA-SIMONS-Stockage_140_2020_40x30cm_5AP15_Lightjet_Diasec-\u00a9-Luzia-225x300.jpg 225w, https:\/\/www.galerie-schmalfuss.de\/wp-content\/uploads\/2021\/04\/LUZIA-SIMONS-Stockage_140_2020_40x30cm_5AP15_Lightjet_Diasec-\u00a9-Luzia-1152x1536.jpg 1152w, https:\/\/www.galerie-schmalfuss.de\/wp-content\/uploads\/2021\/04\/LUZIA-SIMONS-Stockage_140_2020_40x30cm_5AP15_Lightjet_Diasec-\u00a9-Luzia.jpg 1440w\" sizes=\"(max-width: 768px) 100vw, 768px\" \/><\/a><figcaption class=\"blocks-gallery-item__caption\">Scannogramm<\/figcaption><\/figure><\/li><li class=\"blocks-gallery-item\"><figure><a href=\"https:\/\/www.galerie-schmalfuss.de\/wp-content\/uploads\/2021\/04\/LUZIA-SIMONS-Stockage_113_2011_180x126cm_1AP5_Lightjet_Diasec.png\" data-rel=\"lightbox-gallery-0\" data-rl_title=\"LUZIA SIMONS\" data-rl_caption=\"Stockage_113, 2011 Scannogramm, light jet print\/diasec 180 x 126 cm 1\/5 + 1 AP\" title=\"LUZIA SIMONS\"><img loading=\"lazy\" decoding=\"async\" width=\"716\" height=\"1024\" src=\"https:\/\/www.galerie-schmalfuss.de\/wp-content\/uploads\/2021\/04\/LUZIA-SIMONS-Stockage_113_2011_180x126cm_1AP5_Lightjet_Diasec-716x1024.png\" alt=\"\" data-id=\"10521\" data-full-url=\"https:\/\/www.galerie-schmalfuss.de\/wp-content\/uploads\/2021\/04\/LUZIA-SIMONS-Stockage_113_2011_180x126cm_1AP5_Lightjet_Diasec.png\" data-link=\"https:\/\/www.galerie-schmalfuss.de\/index.php\/frauen-power-starke-frauen\/luzia-simons-stockage_113_2011_180x126cm_1ap5_lightjet_diasec\/\" class=\"wp-image-10521\" title=\"\" srcset=\"https:\/\/www.galerie-schmalfuss.de\/wp-content\/uploads\/2021\/04\/LUZIA-SIMONS-Stockage_113_2011_180x126cm_1AP5_Lightjet_Diasec-716x1024.png 716w, https:\/\/www.galerie-schmalfuss.de\/wp-content\/uploads\/2021\/04\/LUZIA-SIMONS-Stockage_113_2011_180x126cm_1AP5_Lightjet_Diasec-210x300.png 210w, https:\/\/www.galerie-schmalfuss.de\/wp-content\/uploads\/2021\/04\/LUZIA-SIMONS-Stockage_113_2011_180x126cm_1AP5_Lightjet_Diasec-768x1099.png 768w, https:\/\/www.galerie-schmalfuss.de\/wp-content\/uploads\/2021\/04\/LUZIA-SIMONS-Stockage_113_2011_180x126cm_1AP5_Lightjet_Diasec-1074x1536.png 1074w, https:\/\/www.galerie-schmalfuss.de\/wp-content\/uploads\/2021\/04\/LUZIA-SIMONS-Stockage_113_2011_180x126cm_1AP5_Lightjet_Diasec.png 1342w\" sizes=\"(max-width: 716px) 100vw, 716px\" \/><\/a><figcaption class=\"blocks-gallery-item__caption\">Stockage_113_2011_180x126cm_1AP+5_Lightjet_Diasec<\/figcaption><\/figure><\/li><li class=\"blocks-gallery-item\"><figure><a href=\"https:\/\/www.galerie-schmalfuss.de\/wp-content\/uploads\/2021\/04\/LUZIA-SIMONS-Stockage_111_2011_180x126cm_2AP5_Lightjet_Diasec-Kopie.png\" data-rel=\"lightbox-gallery-0\" data-rl_title=\"LUZIA SIMONS\" data-rl_caption=\"Stockage_113, 2011 Scannogramm, light jet print\/diasec 180 x 126 cm 1\/5 + 1 AP\" title=\"LUZIA SIMONS\"><img loading=\"lazy\" decoding=\"async\" width=\"454\" height=\"646\" src=\"https:\/\/www.galerie-schmalfuss.de\/wp-content\/uploads\/2021\/04\/LUZIA-SIMONS-Stockage_111_2011_180x126cm_2AP5_Lightjet_Diasec-Kopie.png\" alt=\"\" data-id=\"10520\" data-full-url=\"https:\/\/www.galerie-schmalfuss.de\/wp-content\/uploads\/2021\/04\/LUZIA-SIMONS-Stockage_111_2011_180x126cm_2AP5_Lightjet_Diasec-Kopie.png\" data-link=\"https:\/\/www.galerie-schmalfuss.de\/index.php\/frauen-power-starke-frauen\/luzia-simons-stockage_111_2011_180x126cm_2ap5_lightjet_diasec-kopie\/\" class=\"wp-image-10520\" title=\"\" srcset=\"https:\/\/www.galerie-schmalfuss.de\/wp-content\/uploads\/2021\/04\/LUZIA-SIMONS-Stockage_111_2011_180x126cm_2AP5_Lightjet_Diasec-Kopie.png 454w, https:\/\/www.galerie-schmalfuss.de\/wp-content\/uploads\/2021\/04\/LUZIA-SIMONS-Stockage_111_2011_180x126cm_2AP5_Lightjet_Diasec-Kopie-211x300.png 211w\" sizes=\"(max-width: 454px) 100vw, 454px\" \/><\/a><figcaption class=\"blocks-gallery-item__caption\"> Stockage 111_2011\n180x126cm\n2AP\n5 Lightjet Diasec <\/figcaption><\/figure><\/li><li class=\"blocks-gallery-item\"><figure><a href=\"https:\/\/www.galerie-schmalfuss.de\/wp-content\/uploads\/2021\/04\/LUZIA-SIMONS-Stockage_65_2006_1935-x-170cm_1AP6_Lightjet_Diasec.png\" data-rel=\"lightbox-gallery-0\" data-rl_title=\"LUZIA SIMONS\" data-rl_caption=\"Stockage_65, 2006 Scannogramm, light jet print\/diasec 193,5 x 170 cm 2\/6 + 1 AP 20\" title=\"LUZIA SIMONS\"><img loading=\"lazy\" decoding=\"async\" width=\"898\" height=\"1024\" src=\"https:\/\/www.galerie-schmalfuss.de\/wp-content\/uploads\/2021\/04\/LUZIA-SIMONS-Stockage_65_2006_1935-x-170cm_1AP6_Lightjet_Diasec-898x1024.png\" alt=\"\" data-id=\"10517\" data-full-url=\"https:\/\/www.galerie-schmalfuss.de\/wp-content\/uploads\/2021\/04\/LUZIA-SIMONS-Stockage_65_2006_1935-x-170cm_1AP6_Lightjet_Diasec.png\" data-link=\"https:\/\/www.galerie-schmalfuss.de\/index.php\/frauen-power-starke-frauen\/luzia-simons-stockage_65_2006_1935-x-170cm_1ap6_lightjet_diasec\/\" class=\"wp-image-10517\" title=\"\" srcset=\"https:\/\/www.galerie-schmalfuss.de\/wp-content\/uploads\/2021\/04\/LUZIA-SIMONS-Stockage_65_2006_1935-x-170cm_1AP6_Lightjet_Diasec-898x1024.png 898w, https:\/\/www.galerie-schmalfuss.de\/wp-content\/uploads\/2021\/04\/LUZIA-SIMONS-Stockage_65_2006_1935-x-170cm_1AP6_Lightjet_Diasec-263x300.png 263w, https:\/\/www.galerie-schmalfuss.de\/wp-content\/uploads\/2021\/04\/LUZIA-SIMONS-Stockage_65_2006_1935-x-170cm_1AP6_Lightjet_Diasec-768x876.png 768w, https:\/\/www.galerie-schmalfuss.de\/wp-content\/uploads\/2021\/04\/LUZIA-SIMONS-Stockage_65_2006_1935-x-170cm_1AP6_Lightjet_Diasec-1347x1536.png 1347w, https:\/\/www.galerie-schmalfuss.de\/wp-content\/uploads\/2021\/04\/LUZIA-SIMONS-Stockage_65_2006_1935-x-170cm_1AP6_Lightjet_Diasec.png 1684w\" sizes=\"(max-width: 898px) 100vw, 898px\" \/><\/a><figcaption class=\"blocks-gallery-item__caption\">Stockage_65\n2006\n193,5 x 170cm\n1AP+6_Lightjet_Diasec<\/figcaption><\/figure><\/li><li class=\"blocks-gallery-item\"><figure><a href=\"https:\/\/www.galerie-schmalfuss.de\/wp-content\/uploads\/2021\/04\/Justine-Otto_W6A1929_55x55cm_oil-on-mdf_2017.jpg\" data-rel=\"lightbox-gallery-0\" data-rl_title=\"Justine Otto\" data-rl_caption=\"2017, W6A1929, 55x55cm \u00d6l auf MDF\" title=\"Justine Otto\"><img loading=\"lazy\" decoding=\"async\" width=\"1024\" height=\"1024\" src=\"https:\/\/www.galerie-schmalfuss.de\/wp-content\/uploads\/2021\/04\/Justine-Otto_W6A1929_55x55cm_oil-on-mdf_2017-1024x1024.jpg\" alt=\"\" data-id=\"10516\" data-full-url=\"https:\/\/www.galerie-schmalfuss.de\/wp-content\/uploads\/2021\/04\/Justine-Otto_W6A1929_55x55cm_oil-on-mdf_2017.jpg\" data-link=\"https:\/\/www.galerie-schmalfuss.de\/index.php\/frauen-power-starke-frauen\/justine-otto_w6a1929_55x55cm_oil-on-mdf_2017\/\" class=\"wp-image-10516\" title=\"\" srcset=\"https:\/\/www.galerie-schmalfuss.de\/wp-content\/uploads\/2021\/04\/Justine-Otto_W6A1929_55x55cm_oil-on-mdf_2017-1024x1024.jpg 1024w, https:\/\/www.galerie-schmalfuss.de\/wp-content\/uploads\/2021\/04\/Justine-Otto_W6A1929_55x55cm_oil-on-mdf_2017-300x300.jpg 300w, https:\/\/www.galerie-schmalfuss.de\/wp-content\/uploads\/2021\/04\/Justine-Otto_W6A1929_55x55cm_oil-on-mdf_2017-150x150.jpg 150w, https:\/\/www.galerie-schmalfuss.de\/wp-content\/uploads\/2021\/04\/Justine-Otto_W6A1929_55x55cm_oil-on-mdf_2017-768x768.jpg 768w, https:\/\/www.galerie-schmalfuss.de\/wp-content\/uploads\/2021\/04\/Justine-Otto_W6A1929_55x55cm_oil-on-mdf_2017-1536x1536.jpg 1536w, https:\/\/www.galerie-schmalfuss.de\/wp-content\/uploads\/2021\/04\/Justine-Otto_W6A1929_55x55cm_oil-on-mdf_2017.jpg 1920w\" sizes=\"(max-width: 1024px) 100vw, 1024px\" \/><\/a><figcaption class=\"blocks-gallery-item__caption\">2017,\nW6A1929,\n55x55cm\n\u00d6l auf MDF<\/figcaption><\/figure><\/li><li class=\"blocks-gallery-item\"><figure><a href=\"https:\/\/www.galerie-schmalfuss.de\/wp-content\/uploads\/2021\/04\/SABINE-DEHNEL-Jorinde-Detai.jpg\" data-rel=\"lightbox-gallery-0\" data-rl_title=\"SABINE DEHNEL\" data-rl_caption=\"Jorinde, 2021 Styropor, Holz, Nylonstrumpfhosen, Draht, Spiegel, Motor 112 x 40 x 40 cm\" title=\"SABINE DEHNEL\"><img loading=\"lazy\" decoding=\"async\" width=\"718\" height=\"1024\" src=\"https:\/\/www.galerie-schmalfuss.de\/wp-content\/uploads\/2021\/04\/SABINE-DEHNEL-Jorinde-Detai-718x1024.jpg\" alt=\"\" data-id=\"10527\" data-full-url=\"https:\/\/www.galerie-schmalfuss.de\/wp-content\/uploads\/2021\/04\/SABINE-DEHNEL-Jorinde-Detai.jpg\" data-link=\"https:\/\/www.galerie-schmalfuss.de\/index.php\/frauen-power-starke-frauen\/sabine-dehnel-jorinde-detai\/\" class=\"wp-image-10527\" title=\"\" srcset=\"https:\/\/www.galerie-schmalfuss.de\/wp-content\/uploads\/2021\/04\/SABINE-DEHNEL-Jorinde-Detai-718x1024.jpg 718w, https:\/\/www.galerie-schmalfuss.de\/wp-content\/uploads\/2021\/04\/SABINE-DEHNEL-Jorinde-Detai-210x300.jpg 210w, https:\/\/www.galerie-schmalfuss.de\/wp-content\/uploads\/2021\/04\/SABINE-DEHNEL-Jorinde-Detai-768x1096.jpg 768w, https:\/\/www.galerie-schmalfuss.de\/wp-content\/uploads\/2021\/04\/SABINE-DEHNEL-Jorinde-Detai-1077x1536.jpg 1077w, https:\/\/www.galerie-schmalfuss.de\/wp-content\/uploads\/2021\/04\/SABINE-DEHNEL-Jorinde-Detai.jpg 1346w\" sizes=\"(max-width: 718px) 100vw, 718px\" \/><\/a><figcaption class=\"blocks-gallery-item__caption\">Jorinde-Detai<\/figcaption><\/figure><\/li><li class=\"blocks-gallery-item\"><figure><a href=\"https:\/\/www.galerie-schmalfuss.de\/wp-content\/uploads\/2021\/04\/SABINE-DEHNEL-VASE-IV-2019-pigment-inkjet-print-100x70-cm-Ed.3-5.jpg\" data-rel=\"lightbox-gallery-0\" data-rl_title=\"SABINE-DEHNEL\" data-rl_caption=\"VASE-IV, 2019, pigment-inkjet-print, 100x70-cm, Ed.3,-5\" title=\"SABINE-DEHNEL\"><img loading=\"lazy\" decoding=\"async\" width=\"717\" height=\"1024\" src=\"https:\/\/www.galerie-schmalfuss.de\/wp-content\/uploads\/2021\/04\/SABINE-DEHNEL-VASE-IV-2019-pigment-inkjet-print-100x70-cm-Ed.3-5-717x1024.jpg\" alt=\"\" data-id=\"10541\" data-full-url=\"https:\/\/www.galerie-schmalfuss.de\/wp-content\/uploads\/2021\/04\/SABINE-DEHNEL-VASE-IV-2019-pigment-inkjet-print-100x70-cm-Ed.3-5.jpg\" data-link=\"https:\/\/www.galerie-schmalfuss.de\/index.php\/frauen-power-starke-frauen\/sabine-dehnel-vase-iv-2019-pigment-inkjet-print-100x70-cm-ed-3-5\/\" class=\"wp-image-10541\" title=\"\" srcset=\"https:\/\/www.galerie-schmalfuss.de\/wp-content\/uploads\/2021\/04\/SABINE-DEHNEL-VASE-IV-2019-pigment-inkjet-print-100x70-cm-Ed.3-5-717x1024.jpg 717w, https:\/\/www.galerie-schmalfuss.de\/wp-content\/uploads\/2021\/04\/SABINE-DEHNEL-VASE-IV-2019-pigment-inkjet-print-100x70-cm-Ed.3-5-210x300.jpg 210w, https:\/\/www.galerie-schmalfuss.de\/wp-content\/uploads\/2021\/04\/SABINE-DEHNEL-VASE-IV-2019-pigment-inkjet-print-100x70-cm-Ed.3-5-768x1097.jpg 768w, https:\/\/www.galerie-schmalfuss.de\/wp-content\/uploads\/2021\/04\/SABINE-DEHNEL-VASE-IV-2019-pigment-inkjet-print-100x70-cm-Ed.3-5-1075x1536.jpg 1075w, https:\/\/www.galerie-schmalfuss.de\/wp-content\/uploads\/2021\/04\/SABINE-DEHNEL-VASE-IV-2019-pigment-inkjet-print-100x70-cm-Ed.3-5.jpg 1344w\" sizes=\"(max-width: 717px) 100vw, 717px\" \/><\/a><figcaption class=\"blocks-gallery-item__caption\">VASE-IV,\n2019,\npigment-inkjet-print,\n100&#215;70-cm,\nEd.3,-5<\/figcaption><\/figure><\/li><li class=\"blocks-gallery-item\"><figure><a href=\"https:\/\/www.galerie-schmalfuss.de\/wp-content\/uploads\/2021\/04\/SABINE-DEHNEL-VASE-II-2019-pigment-inkjet-print-100x70-cm-Ed.3-5.jpg\" data-rel=\"lightbox-gallery-0\" data-rl_title=\"SABINE-DEHNEL\" data-rl_caption=\"VASE-II, 2019, Pigment-Inkjet Print, 100x70-cm, Ed.3,5\" title=\"SABINE-DEHNEL\"><img loading=\"lazy\" decoding=\"async\" width=\"717\" height=\"1024\" src=\"https:\/\/www.galerie-schmalfuss.de\/wp-content\/uploads\/2021\/04\/SABINE-DEHNEL-VASE-II-2019-pigment-inkjet-print-100x70-cm-Ed.3-5-717x1024.jpg\" alt=\"\" data-id=\"10540\" data-full-url=\"https:\/\/www.galerie-schmalfuss.de\/wp-content\/uploads\/2021\/04\/SABINE-DEHNEL-VASE-II-2019-pigment-inkjet-print-100x70-cm-Ed.3-5.jpg\" data-link=\"https:\/\/www.galerie-schmalfuss.de\/index.php\/frauen-power-starke-frauen\/sabine-dehnel-vase-ii-2019-pigment-inkjet-print-100x70-cm-ed-3-5\/\" class=\"wp-image-10540\" title=\"\" srcset=\"https:\/\/www.galerie-schmalfuss.de\/wp-content\/uploads\/2021\/04\/SABINE-DEHNEL-VASE-II-2019-pigment-inkjet-print-100x70-cm-Ed.3-5-717x1024.jpg 717w, https:\/\/www.galerie-schmalfuss.de\/wp-content\/uploads\/2021\/04\/SABINE-DEHNEL-VASE-II-2019-pigment-inkjet-print-100x70-cm-Ed.3-5-210x300.jpg 210w, https:\/\/www.galerie-schmalfuss.de\/wp-content\/uploads\/2021\/04\/SABINE-DEHNEL-VASE-II-2019-pigment-inkjet-print-100x70-cm-Ed.3-5-768x1096.jpg 768w, https:\/\/www.galerie-schmalfuss.de\/wp-content\/uploads\/2021\/04\/SABINE-DEHNEL-VASE-II-2019-pigment-inkjet-print-100x70-cm-Ed.3-5-1076x1536.jpg 1076w, https:\/\/www.galerie-schmalfuss.de\/wp-content\/uploads\/2021\/04\/SABINE-DEHNEL-VASE-II-2019-pigment-inkjet-print-100x70-cm-Ed.3-5.jpg 1345w\" sizes=\"(max-width: 717px) 100vw, 717px\" \/><\/a><figcaption class=\"blocks-gallery-item__caption\">VASE-II,\n2019,\nPigment-Inkjet\nPrint,\n100&#215;70-cm,\nEd.3,5<\/figcaption><\/figure><\/li><li class=\"blocks-gallery-item\"><figure><a href=\"https:\/\/www.galerie-schmalfuss.de\/wp-content\/uploads\/2021\/04\/SABINE-DEHNEL-Mona-XVIIGunta-Stoelzl2020_PigmentInkjetPrint_26x34cm_Ed.jpg\" data-rel=\"lightbox-gallery-0\" data-rl_title=\"SABINE-DEHNEL\" data-rl_caption=\"Mona XVII (Gunta-St\u00f6lzl), 2020, Pigment Inkjet, Print 26x34cm Ed\" title=\"SABINE-DEHNEL\"><img loading=\"lazy\" decoding=\"async\" width=\"1024\" height=\"780\" src=\"https:\/\/www.galerie-schmalfuss.de\/wp-content\/uploads\/2021\/04\/SABINE-DEHNEL-Mona-XVIIGunta-Stoelzl2020_PigmentInkjetPrint_26x34cm_Ed-1024x780.jpg\" alt=\"\" data-id=\"10539\" data-full-url=\"https:\/\/www.galerie-schmalfuss.de\/wp-content\/uploads\/2021\/04\/SABINE-DEHNEL-Mona-XVIIGunta-Stoelzl2020_PigmentInkjetPrint_26x34cm_Ed.jpg\" data-link=\"https:\/\/www.galerie-schmalfuss.de\/index.php\/frauen-power-starke-frauen\/sabine-dehnel-mona-xviigunta-stoelzl2020_pigmentinkjetprint_26x34cm_ed\/\" class=\"wp-image-10539\" title=\"\" srcset=\"https:\/\/www.galerie-schmalfuss.de\/wp-content\/uploads\/2021\/04\/SABINE-DEHNEL-Mona-XVIIGunta-Stoelzl2020_PigmentInkjetPrint_26x34cm_Ed-1024x780.jpg 1024w, https:\/\/www.galerie-schmalfuss.de\/wp-content\/uploads\/2021\/04\/SABINE-DEHNEL-Mona-XVIIGunta-Stoelzl2020_PigmentInkjetPrint_26x34cm_Ed-300x229.jpg 300w, https:\/\/www.galerie-schmalfuss.de\/wp-content\/uploads\/2021\/04\/SABINE-DEHNEL-Mona-XVIIGunta-Stoelzl2020_PigmentInkjetPrint_26x34cm_Ed-768x585.jpg 768w, https:\/\/www.galerie-schmalfuss.de\/wp-content\/uploads\/2021\/04\/SABINE-DEHNEL-Mona-XVIIGunta-Stoelzl2020_PigmentInkjetPrint_26x34cm_Ed-1536x1170.jpg 1536w, https:\/\/www.galerie-schmalfuss.de\/wp-content\/uploads\/2021\/04\/SABINE-DEHNEL-Mona-XVIIGunta-Stoelzl2020_PigmentInkjetPrint_26x34cm_Ed.jpg 1920w\" sizes=\"(max-width: 1024px) 100vw, 1024px\" \/><\/a><figcaption class=\"blocks-gallery-item__caption\">Mona XVII(Gunta-St\u00f6lzl)\n2020,\nPigment Inkjet,\nPrint \n26x34cm\nEd<\/figcaption><\/figure><\/li><li class=\"blocks-gallery-item\"><figure><a href=\"https:\/\/www.galerie-schmalfuss.de\/wp-content\/uploads\/2021\/04\/SABINE-DEHNEL-Mona-XVIMarianne-Brandt-2020_PigmentInkjetPrint_26x34-cm_Ed.jpg\" data-rel=\"lightbox-gallery-0\" data-rl_title=\"SABINE-DEHNEL\" data-rl_caption=\"Mona XVI (Marianne Brandt), 2020, Pigment Inkjet, Print 26x34cm Ed\" title=\"SABINE-DEHNEL\"><img loading=\"lazy\" decoding=\"async\" width=\"1024\" height=\"780\" src=\"https:\/\/www.galerie-schmalfuss.de\/wp-content\/uploads\/2021\/04\/SABINE-DEHNEL-Mona-XVIMarianne-Brandt-2020_PigmentInkjetPrint_26x34-cm_Ed-1024x780.jpg\" alt=\"\" data-id=\"10538\" data-full-url=\"https:\/\/www.galerie-schmalfuss.de\/wp-content\/uploads\/2021\/04\/SABINE-DEHNEL-Mona-XVIMarianne-Brandt-2020_PigmentInkjetPrint_26x34-cm_Ed.jpg\" data-link=\"https:\/\/www.galerie-schmalfuss.de\/index.php\/frauen-power-starke-frauen\/sabine-dehnel-mona-xvimarianne-brandt-2020_pigmentinkjetprint_26x34-cm_ed\/\" class=\"wp-image-10538\" title=\"\" srcset=\"https:\/\/www.galerie-schmalfuss.de\/wp-content\/uploads\/2021\/04\/SABINE-DEHNEL-Mona-XVIMarianne-Brandt-2020_PigmentInkjetPrint_26x34-cm_Ed-1024x780.jpg 1024w, https:\/\/www.galerie-schmalfuss.de\/wp-content\/uploads\/2021\/04\/SABINE-DEHNEL-Mona-XVIMarianne-Brandt-2020_PigmentInkjetPrint_26x34-cm_Ed-300x229.jpg 300w, https:\/\/www.galerie-schmalfuss.de\/wp-content\/uploads\/2021\/04\/SABINE-DEHNEL-Mona-XVIMarianne-Brandt-2020_PigmentInkjetPrint_26x34-cm_Ed-768x585.jpg 768w, https:\/\/www.galerie-schmalfuss.de\/wp-content\/uploads\/2021\/04\/SABINE-DEHNEL-Mona-XVIMarianne-Brandt-2020_PigmentInkjetPrint_26x34-cm_Ed-1536x1170.jpg 1536w, https:\/\/www.galerie-schmalfuss.de\/wp-content\/uploads\/2021\/04\/SABINE-DEHNEL-Mona-XVIMarianne-Brandt-2020_PigmentInkjetPrint_26x34-cm_Ed.jpg 1920w\" sizes=\"(max-width: 1024px) 100vw, 1024px\" \/><\/a><figcaption class=\"blocks-gallery-item__caption\">Mona XVI\n(Marianne Brandt),\n2020,\nPigment Inkjet,\nPrint\n26x34cm\nEd<\/figcaption><\/figure><\/li><li class=\"blocks-gallery-item\"><figure><a href=\"https:\/\/www.galerie-schmalfuss.de\/wp-content\/uploads\/2021\/04\/SABINE-DEHNEL-MonaXVAmy-Winehouse_2020_PigmentInkjetPrint_26x34cm_Ed.jpg\" data-rel=\"lightbox-gallery-0\" data-rl_title=\"SABINE-DEHNEL\" data-rl_caption=\"MonaXV (Amy-Winehouse) 2020, Pigment Inkjet, Print 26x34cm, Ed\" title=\"SABINE-DEHNEL\"><img loading=\"lazy\" decoding=\"async\" width=\"1024\" height=\"780\" src=\"https:\/\/www.galerie-schmalfuss.de\/wp-content\/uploads\/2021\/04\/SABINE-DEHNEL-MonaXVAmy-Winehouse_2020_PigmentInkjetPrint_26x34cm_Ed-1024x780.jpg\" alt=\"\" data-id=\"10537\" data-full-url=\"https:\/\/www.galerie-schmalfuss.de\/wp-content\/uploads\/2021\/04\/SABINE-DEHNEL-MonaXVAmy-Winehouse_2020_PigmentInkjetPrint_26x34cm_Ed.jpg\" data-link=\"https:\/\/www.galerie-schmalfuss.de\/index.php\/frauen-power-starke-frauen\/sabine-dehnel-monaxvamy-winehouse_2020_pigmentinkjetprint_26x34cm_ed\/\" class=\"wp-image-10537\" title=\"\" srcset=\"https:\/\/www.galerie-schmalfuss.de\/wp-content\/uploads\/2021\/04\/SABINE-DEHNEL-MonaXVAmy-Winehouse_2020_PigmentInkjetPrint_26x34cm_Ed-1024x780.jpg 1024w, https:\/\/www.galerie-schmalfuss.de\/wp-content\/uploads\/2021\/04\/SABINE-DEHNEL-MonaXVAmy-Winehouse_2020_PigmentInkjetPrint_26x34cm_Ed-300x229.jpg 300w, https:\/\/www.galerie-schmalfuss.de\/wp-content\/uploads\/2021\/04\/SABINE-DEHNEL-MonaXVAmy-Winehouse_2020_PigmentInkjetPrint_26x34cm_Ed-768x585.jpg 768w, https:\/\/www.galerie-schmalfuss.de\/wp-content\/uploads\/2021\/04\/SABINE-DEHNEL-MonaXVAmy-Winehouse_2020_PigmentInkjetPrint_26x34cm_Ed-1536x1170.jpg 1536w, https:\/\/www.galerie-schmalfuss.de\/wp-content\/uploads\/2021\/04\/SABINE-DEHNEL-MonaXVAmy-Winehouse_2020_PigmentInkjetPrint_26x34cm_Ed.jpg 1920w\" sizes=\"(max-width: 1024px) 100vw, 1024px\" \/><\/a><figcaption class=\"blocks-gallery-item__caption\">MonaXV(Amy-Winehouse)\n2020,\nPigment Inkjet,\nPrint\n26x34cm,\nEd<\/figcaption><\/figure><\/li><\/ul><\/figure>\n\n\n\n<p class=\"has-text-align-center\">Unsere neue <strong>Berliner Ausstellung<\/strong> ist bis 12. Juni 2021 ge\u00f6ffnet.<\/p>\n\n\n\n<p class=\"has-text-align-center\">Besuchen Sie uns pers\u00f6nlich oder <a href=\"https:\/\/www.artatberlin.com\/portfolio-item\/bernd-schwarting-kristin-kolb-in-the-realem-gallery-visit-galerie-schmalfuss-berlin\/\" target=\"_blank\" rel=\"noopener\">gehen Sie aktiv und virtuell durch unser Ausstellung<\/a>.<\/p>\n\n\n\n<div class=\"wp-block-buttons is-content-justification-center is-layout-flex wp-block-buttons-is-layout-flex\">\n<div class=\"wp-block-button\"><a class=\"wp-block-button__link\" href=\"https:\/\/www.galerie-schmalfuss.de\/index.php\/aktuelle-besucher-hinweise\/\" target=\"_blank\" rel=\"noreferrer noopener\">Bitte beachten Sie die aktuellen Hygieneauflagen<\/a><\/div>\n<\/div>\n\n\n\n<p class=\"has-text-align-center has-background\" style=\"background-color:#e7e7e7\"><strong>Wir sind weiter f\u00fcr Sie da und arbeiten vor Ort und im Homeoffice.<\/strong>&nbsp;<\/p>\n\n\n\n<p class=\"has-text-align-center has-background\" style=\"background-color:#f1f1f1\">Bilder und Skulpturen k\u00f6nnen&nbsp;<strong>zur Ansicht bestellt werden<\/strong>.<br><br>Alle unbesehen bei uns erworbene Werke k\u00f6nnen Sie jederzeit umtauschen oder innerhalb von 4 Wochen gegen R\u00fcckerstattung des Kaufpreises zur\u00fcckgeben.<br><br>Mit fr\u00fchlingshaften Gr\u00fc\u00dfen aus Berlin.<br><br>Friederike Br\u00fcggen und Michael Schmalfu\u00df<\/p>\n\n\n\n<div class=\"wp-block-columns is-layout-flex wp-container-core-columns-is-layout-9d6595d7 wp-block-columns-is-layout-flex\"><\/div>\n\n\n\n<p><\/p>\n","protected":false},"excerpt":{"rendered":"<p>1. Mai 2021 &#8211; 12. Juni 2021<\/p>\n","protected":false},"author":6,"featured_media":10494,"comment_status":"closed","ping_status":"closed","sticky":false,"template":"","format":"standard","meta":{"footnotes":""},"categories":[4,5],"tags":[30,61,23,62,65,64,63],"class_list":["post-10476","post","type-post","status-publish","format-standard","has-post-thumbnail","hentry","category-exhibitions","category-berlin","tag-elvira-bach","tag-justine-otto","tag-laura-eckert","tag-luzia-simons","tag-miriam-vlaming","tag-sabine-dehnel","tag-ulrike-bolenz","entry"],"_links":{"self":[{"href":"https:\/\/www.galerie-schmalfuss.de\/index.php\/wp-json\/wp\/v2\/posts\/10476","targetHints":{"allow":["GET"]}}],"collection":[{"href":"https:\/\/www.galerie-schmalfuss.de\/index.php\/wp-json\/wp\/v2\/posts"}],"about":[{"href":"https:\/\/www.galerie-schmalfuss.de\/index.php\/wp-json\/wp\/v2\/types\/post"}],"author":[{"embeddable":true,"href":"https:\/\/www.galerie-schmalfuss.de\/index.php\/wp-json\/wp\/v2\/users\/6"}],"replies":[{"embeddable":true,"href":"https:\/\/www.galerie-schmalfuss.de\/index.php\/wp-json\/wp\/v2\/comments?post=10476"}],"version-history":[{"count":0,"href":"https:\/\/www.galerie-schmalfuss.de\/index.php\/wp-json\/wp\/v2\/posts\/10476\/revisions"}],"wp:featuredmedia":[{"embeddable":true,"href":"https:\/\/www.galerie-schmalfuss.de\/index.php\/wp-json\/wp\/v2\/media\/10494"}],"wp:attachment":[{"href":"https:\/\/www.galerie-schmalfuss.de\/index.php\/wp-json\/wp\/v2\/media?parent=10476"}],"wp:term":[{"taxonomy":"category","embeddable":true,"href":"https:\/\/www.galerie-schmalfuss.de\/index.php\/wp-json\/wp\/v2\/categories?post=10476"},{"taxonomy":"post_tag","embeddable":true,"href":"https:\/\/www.galerie-schmalfuss.de\/index.php\/wp-json\/wp\/v2\/tags?post=10476"}],"curies":[{"name":"wp","href":"https:\/\/api.w.org\/{rel}","templated":true}]}}