{"id":12444,"date":"2023-02-07T15:35:28","date_gmt":"2023-02-07T15:35:28","guid":{"rendered":"https:\/\/www.galerie-schmalfuss.de\/?p=12444"},"modified":"2023-02-24T11:30:02","modified_gmt":"2023-02-24T11:30:02","slug":"abstrakt","status":"publish","type":"post","link":"https:\/\/www.galerie-schmalfuss.de\/index.php\/abstrakt\/","title":{"rendered":"Abstrakt"},"content":{"rendered":"\n<p class=\"has-text-align-center\">11.02.2023 \/ 11.03. 2023<\/p>\n\n\n\n<!--more-->\n\n\n\n<p class=\"has-text-align-center\">Gem\u00e4lde, Objekte und Skulpturen<\/p>\n\n\n\n<p>Erfahren Sie gemeinsam mit uns die transzendente Kraft der abstrakten Kunst. Diese faszinierende Energie, die schwer in Worte zu fassen ist, unser Herz jedoch stets leicht beschwingt.<\/p>\n\n\n\n<p>Die Gem\u00e4lde, Objekte und Skulpturen der K\u00fcnstlerinnen und K\u00fcnstler unserer aktuellen Gruppenausstellung verstr\u00f6men genau diese belebende Aura.<\/p>\n\n\n\n<pre class=\"wp-block-verse has-text-align-center\">ULRIKE BUHL | HANNAH BECHER | J\u00dcRGEN DURNER |\nHANS-HENDRIK GRIMMLING | J\u00dcRGEN JANSEN |\nANNELEN K\u00c4FERSTEIN | PETER-SIMON M\u00dcHLH\u00c4USSER| BERND SCHWARTING | \nROBERT WEBER | MARTIN WEHMER | TRAK WENDISCH | MARTINA ZIEGLER \n<\/pre>\n\n\n\n<iframe width=\"853\" height=\"480\" src=\"https:\/\/my.matterport.com\/show\/?m=oqmXUJf6uzQ\" frameborder=\"0\" allowfullscreen=\"\" allow=\"xr-spatial-tracking\"><\/iframe>\n\n\n\n<figure class=\"wp-block-gallery has-nested-images columns-default is-cropped wp-block-gallery-1 is-layout-flex wp-block-gallery-is-layout-flex\">\n<figure class=\"wp-block-image size-thumbnail\"><a  href=\"https:\/\/www.galerie-schmalfuss.de\/wp-content\/uploads\/2023\/02\/ANNELEN-KAeFRESTEIN-Colomba-2022-210x250-cm-Oel-Pigment-Acryl-auf-LW.IMG_6054-Kopie.HEIC-Kopie.jpg\" data-rel=\"lightbox-gallery-0\" data-rl_title=\"ANNELEN KA\u0308FRESTEIN, Colomba, 2022, 210&#215;250 cm, O\u0308l, Pigment, Acryl auf LW.\" data-rl_caption=\"\" title=\"ANNELEN KA\u0308FRESTEIN, Colomba, 2022, 210&#215;250 cm, O\u0308l, Pigment, Acryl auf LW.\"><img decoding=\"async\" width=\"150\" height=\"150\" data-id=\"12474\" src=\"https:\/\/www.galerie-schmalfuss.de\/wp-content\/uploads\/2023\/02\/ANNELEN-KAeFRESTEIN-Colomba-2022-210x250-cm-Oel-Pigment-Acryl-auf-LW.IMG_6054-Kopie.HEIC-Kopie-150x150.jpg\" alt=\"\" class=\"wp-image-12474\" title=\"\"><\/a><figcaption class=\"wp-element-caption\">ANNELEN K\u00c4FERSTEIN <\/figcaption><\/figure>\n\n\n\n<figure class=\"wp-block-image size-large\"><a  href=\"https:\/\/www.galerie-schmalfuss.de\/wp-content\/uploads\/2023\/02\/MARTINA-ZIEGLER-Abstract_Portraits_Heaven_Inside_I-neu.jpg\" data-rel=\"lightbox-gallery-0\" data-rl_title=\"MARTINA-ZIEGLER,-Abstract_Portraits_Heaven_Inside_I-neu\" data-rl_caption=\"MARTINA-ZIEGLER,-Abstract_Portraits_Heaven_Inside_I-neu\" title=\"MARTINA-ZIEGLER,-Abstract_Portraits_Heaven_Inside_I-neu\"><img fetchpriority=\"high\" decoding=\"async\" width=\"1022\" height=\"1024\" data-id=\"12503\" src=\"https:\/\/www.galerie-schmalfuss.de\/wp-content\/uploads\/2023\/02\/MARTINA-ZIEGLER-Abstract_Portraits_Heaven_Inside_I-neu-1022x1024.jpg\" alt=\"MARTINA-ZIEGLER,\" class=\"wp-image-12503\" title=\"\" srcset=\"https:\/\/www.galerie-schmalfuss.de\/wp-content\/uploads\/2023\/02\/MARTINA-ZIEGLER-Abstract_Portraits_Heaven_Inside_I-neu-1022x1024.jpg 1022w, https:\/\/www.galerie-schmalfuss.de\/wp-content\/uploads\/2023\/02\/MARTINA-ZIEGLER-Abstract_Portraits_Heaven_Inside_I-neu-300x300.jpg 300w, https:\/\/www.galerie-schmalfuss.de\/wp-content\/uploads\/2023\/02\/MARTINA-ZIEGLER-Abstract_Portraits_Heaven_Inside_I-neu-150x150.jpg 150w, https:\/\/www.galerie-schmalfuss.de\/wp-content\/uploads\/2023\/02\/MARTINA-ZIEGLER-Abstract_Portraits_Heaven_Inside_I-neu-768x769.jpg 768w, https:\/\/www.galerie-schmalfuss.de\/wp-content\/uploads\/2023\/02\/MARTINA-ZIEGLER-Abstract_Portraits_Heaven_Inside_I-neu.jpg 1200w\" sizes=\"(max-width: 1022px) 100vw, 1022px\" \/><\/a><figcaption class=\"wp-element-caption\">MARTINA-ZIEGLER<\/figcaption><\/figure>\n\n\n\n<figure class=\"wp-block-image size-large\"><a  href=\"https:\/\/www.galerie-schmalfuss.de\/wp-content\/uploads\/2023\/02\/BERND-SCHWARTING-Du-bist-gegangen-2022-Oel-und-Kohle-auf-LW-150x200-cm.jpg\" data-rel=\"lightbox-gallery-0\" data-rl_title=\"BERND SCHWARTING-Du bist gegangen,-2022,-O\u0308l-und-Kohle-auf-LW,-150&#215;200-cm\" data-rl_caption=\"\" title=\"BERND SCHWARTING-Du bist gegangen,-2022,-O\u0308l-und-Kohle-auf-LW,-150&#215;200-cm\"><img decoding=\"async\" width=\"591\" height=\"443\" data-id=\"12476\" src=\"https:\/\/www.galerie-schmalfuss.de\/wp-content\/uploads\/2023\/02\/BERND-SCHWARTING-Du-bist-gegangen-2022-Oel-und-Kohle-auf-LW-150x200-cm.jpg\" alt=\"\" class=\"wp-image-12476\" title=\"\" srcset=\"https:\/\/www.galerie-schmalfuss.de\/wp-content\/uploads\/2023\/02\/BERND-SCHWARTING-Du-bist-gegangen-2022-Oel-und-Kohle-auf-LW-150x200-cm.jpg 591w, https:\/\/www.galerie-schmalfuss.de\/wp-content\/uploads\/2023\/02\/BERND-SCHWARTING-Du-bist-gegangen-2022-Oel-und-Kohle-auf-LW-150x200-cm-300x225.jpg 300w\" sizes=\"(max-width: 591px) 100vw, 591px\" \/><\/a><figcaption class=\"wp-element-caption\">BERND SCHWARTING<\/figcaption><\/figure>\n\n\n\n<figure class=\"wp-block-image size-large\"><a  href=\"https:\/\/www.galerie-schmalfuss.de\/wp-content\/uploads\/2023\/02\/GRIMMLING-erinnerung_VI_Ac_Lw_130x160_1996-Kopie.jpg\" data-rel=\"lightbox-gallery-0\" data-rl_title=\"GRIMMLING Erinnerung_VI_Ac_Lw_130x160_1996\" data-rl_caption=\"\" title=\"GRIMMLING Erinnerung_VI_Ac_Lw_130x160_1996\"><img loading=\"lazy\" decoding=\"async\" width=\"1024\" height=\"812\" data-id=\"12477\" src=\"https:\/\/www.galerie-schmalfuss.de\/wp-content\/uploads\/2023\/02\/GRIMMLING-erinnerung_VI_Ac_Lw_130x160_1996-Kopie-1024x812.jpg\" alt=\"\" class=\"wp-image-12477\" title=\"\" srcset=\"https:\/\/www.galerie-schmalfuss.de\/wp-content\/uploads\/2023\/02\/GRIMMLING-erinnerung_VI_Ac_Lw_130x160_1996-Kopie-1024x812.jpg 1024w, https:\/\/www.galerie-schmalfuss.de\/wp-content\/uploads\/2023\/02\/GRIMMLING-erinnerung_VI_Ac_Lw_130x160_1996-Kopie-300x238.jpg 300w, https:\/\/www.galerie-schmalfuss.de\/wp-content\/uploads\/2023\/02\/GRIMMLING-erinnerung_VI_Ac_Lw_130x160_1996-Kopie-768x609.jpg 768w, https:\/\/www.galerie-schmalfuss.de\/wp-content\/uploads\/2023\/02\/GRIMMLING-erinnerung_VI_Ac_Lw_130x160_1996-Kopie-1536x1218.jpg 1536w, https:\/\/www.galerie-schmalfuss.de\/wp-content\/uploads\/2023\/02\/GRIMMLING-erinnerung_VI_Ac_Lw_130x160_1996-Kopie.jpg 1920w\" sizes=\"(max-width: 1024px) 100vw, 1024px\" \/><\/a><figcaption class=\"wp-element-caption\">HANS-HENDRIK GRIMMLIN<\/figcaption><\/figure>\n\n\n\n<figure class=\"wp-block-image size-large\"><a  href=\"https:\/\/www.galerie-schmalfuss.de\/wp-content\/uploads\/2023\/02\/Peter-Simon-Muehlhaeusser-Vessel-2022-Quarzite-Crystal-Sand-140x40x35-cm.jpg\" data-rel=\"lightbox-gallery-0\" data-rl_title=\"Peter Simon Muehlhaeusser Vessel, 2022, Quarzite Crystal Sand, 140x40x35 cm\" data-rl_caption=\"\" title=\"Peter Simon Muehlhaeusser Vessel, 2022, Quarzite Crystal Sand, 140x40x35 cm\"><img loading=\"lazy\" decoding=\"async\" width=\"545\" height=\"1024\" data-id=\"12478\" src=\"https:\/\/www.galerie-schmalfuss.de\/wp-content\/uploads\/2023\/02\/Peter-Simon-Muehlhaeusser-Vessel-2022-Quarzite-Crystal-Sand-140x40x35-cm-545x1024.jpg\" alt=\"\" class=\"wp-image-12478\" title=\"\" srcset=\"https:\/\/www.galerie-schmalfuss.de\/wp-content\/uploads\/2023\/02\/Peter-Simon-Muehlhaeusser-Vessel-2022-Quarzite-Crystal-Sand-140x40x35-cm-545x1024.jpg 545w, https:\/\/www.galerie-schmalfuss.de\/wp-content\/uploads\/2023\/02\/Peter-Simon-Muehlhaeusser-Vessel-2022-Quarzite-Crystal-Sand-140x40x35-cm-160x300.jpg 160w, https:\/\/www.galerie-schmalfuss.de\/wp-content\/uploads\/2023\/02\/Peter-Simon-Muehlhaeusser-Vessel-2022-Quarzite-Crystal-Sand-140x40x35-cm-768x1443.jpg 768w, https:\/\/www.galerie-schmalfuss.de\/wp-content\/uploads\/2023\/02\/Peter-Simon-Muehlhaeusser-Vessel-2022-Quarzite-Crystal-Sand-140x40x35-cm-818x1536.jpg 818w, https:\/\/www.galerie-schmalfuss.de\/wp-content\/uploads\/2023\/02\/Peter-Simon-Muehlhaeusser-Vessel-2022-Quarzite-Crystal-Sand-140x40x35-cm.jpg 1022w\" sizes=\"(max-width: 545px) 100vw, 545px\" \/><\/a><figcaption class=\"wp-element-caption\"> PETER-SIMON M\u00dcHLH\u00c4USSER<\/figcaption><\/figure>\n\n\n\n<figure class=\"wp-block-image size-large\"><a  href=\"https:\/\/www.galerie-schmalfuss.de\/wp-content\/uploads\/2023\/02\/Zerbrechendes-Weltbild_2021_180x180_selbst.jpg\" data-rel=\"lightbox-gallery-0\" data-rl_title=\"Zerbrechendes-Weltbild 2021 180&#215;180 selbst\" data-rl_caption=\"Zerbrechendes-Weltbild 2021 180x180 selbst\" title=\"Zerbrechendes-Weltbild 2021 180&#215;180 selbst\"><img loading=\"lazy\" decoding=\"async\" width=\"480\" height=\"481\" data-id=\"12479\" src=\"https:\/\/www.galerie-schmalfuss.de\/wp-content\/uploads\/2023\/02\/Zerbrechendes-Weltbild_2021_180x180_selbst.jpg\" alt=\"\" class=\"wp-image-12479\" title=\"\" srcset=\"https:\/\/www.galerie-schmalfuss.de\/wp-content\/uploads\/2023\/02\/Zerbrechendes-Weltbild_2021_180x180_selbst.jpg 480w, https:\/\/www.galerie-schmalfuss.de\/wp-content\/uploads\/2023\/02\/Zerbrechendes-Weltbild_2021_180x180_selbst-300x300.jpg 300w, https:\/\/www.galerie-schmalfuss.de\/wp-content\/uploads\/2023\/02\/Zerbrechendes-Weltbild_2021_180x180_selbst-150x150.jpg 150w\" sizes=\"(max-width: 480px) 100vw, 480px\" \/><\/a><figcaption class=\"wp-element-caption\">J\u00dcRGEN DURNER<\/figcaption><\/figure>\n\n\n\n<figure class=\"wp-block-image size-large\"><a  href=\"https:\/\/www.galerie-schmalfuss.de\/wp-content\/uploads\/2023\/02\/ULRIKE-BUHL-Implosion-18-1-2014_20-20x16x155-cm-Mixed-Media-Versilberung-farbige-Lasur-Lack-rotated-e1677162737504.jpeg\" data-rel=\"lightbox-gallery-0\" data-rl_title=\"ULRIKE BUHL, Implosion 18 #1, 2014_20, 20x16x15,5 cm, Mixed Media, Versilberung, farbige Lasur, Lack\" data-rl_caption=\"Implosion 18 #1, 2014_20, 20x16x15,5 cm, Mixed Media, Versilberung, farbige Lasur, Lack\" title=\"ULRIKE BUHL, Implosion 18 #1, 2014_20, 20x16x15,5 cm, Mixed Media, Versilberung, farbige Lasur, Lack\"><img loading=\"lazy\" decoding=\"async\" width=\"908\" height=\"1024\" data-id=\"12491\" src=\"https:\/\/www.galerie-schmalfuss.de\/wp-content\/uploads\/2023\/02\/ULRIKE-BUHL-Implosion-18-1-2014_20-20x16x155-cm-Mixed-Media-Versilberung-farbige-Lasur-Lack-rotated-e1677162737504-908x1024.jpeg\" alt=\"\" class=\"wp-image-12491\" title=\"\" srcset=\"https:\/\/www.galerie-schmalfuss.de\/wp-content\/uploads\/2023\/02\/ULRIKE-BUHL-Implosion-18-1-2014_20-20x16x155-cm-Mixed-Media-Versilberung-farbige-Lasur-Lack-rotated-e1677162737504-908x1024.jpeg 908w, https:\/\/www.galerie-schmalfuss.de\/wp-content\/uploads\/2023\/02\/ULRIKE-BUHL-Implosion-18-1-2014_20-20x16x155-cm-Mixed-Media-Versilberung-farbige-Lasur-Lack-rotated-e1677162737504-266x300.jpeg 266w, https:\/\/www.galerie-schmalfuss.de\/wp-content\/uploads\/2023\/02\/ULRIKE-BUHL-Implosion-18-1-2014_20-20x16x155-cm-Mixed-Media-Versilberung-farbige-Lasur-Lack-rotated-e1677162737504-768x866.jpeg 768w, https:\/\/www.galerie-schmalfuss.de\/wp-content\/uploads\/2023\/02\/ULRIKE-BUHL-Implosion-18-1-2014_20-20x16x155-cm-Mixed-Media-Versilberung-farbige-Lasur-Lack-rotated-e1677162737504.jpeg 1064w\" sizes=\"(max-width: 908px) 100vw, 908px\" \/><\/a><figcaption class=\"wp-element-caption\">ULRIKE BUHL<\/figcaption><\/figure>\n\n\n\n<figure class=\"wp-block-image size-large\"><a  href=\"https:\/\/www.galerie-schmalfuss.de\/wp-content\/uploads\/2023\/02\/TRAK-WENDISCH-Spin-I-2016-Bronze-H195-cm-O75-cm.jpg\" data-rel=\"lightbox-gallery-0\" data-rl_title=\"TRAK-WENDISCH-Spin-I,-2016,-Bronze,-H195-cm,-\u00d875-cm\" data-rl_caption=\"TRAK-WENDISCH\" title=\"TRAK-WENDISCH-Spin-I,-2016,-Bronze,-H195-cm,-\u00d875-cm\"><img loading=\"lazy\" decoding=\"async\" width=\"683\" height=\"1024\" data-id=\"12490\" src=\"https:\/\/www.galerie-schmalfuss.de\/wp-content\/uploads\/2023\/02\/TRAK-WENDISCH-Spin-I-2016-Bronze-H195-cm-O75-cm-683x1024.jpg\" alt=\"\" class=\"wp-image-12490\" title=\"\" srcset=\"https:\/\/www.galerie-schmalfuss.de\/wp-content\/uploads\/2023\/02\/TRAK-WENDISCH-Spin-I-2016-Bronze-H195-cm-O75-cm-683x1024.jpg 683w, https:\/\/www.galerie-schmalfuss.de\/wp-content\/uploads\/2023\/02\/TRAK-WENDISCH-Spin-I-2016-Bronze-H195-cm-O75-cm-200x300.jpg 200w, https:\/\/www.galerie-schmalfuss.de\/wp-content\/uploads\/2023\/02\/TRAK-WENDISCH-Spin-I-2016-Bronze-H195-cm-O75-cm-768x1152.jpg 768w, https:\/\/www.galerie-schmalfuss.de\/wp-content\/uploads\/2023\/02\/TRAK-WENDISCH-Spin-I-2016-Bronze-H195-cm-O75-cm-1024x1536.jpg 1024w, https:\/\/www.galerie-schmalfuss.de\/wp-content\/uploads\/2023\/02\/TRAK-WENDISCH-Spin-I-2016-Bronze-H195-cm-O75-cm.jpg 1100w\" sizes=\"(max-width: 683px) 100vw, 683px\" \/><\/a><figcaption class=\"wp-element-caption\">TRAK-WENDISCH<\/figcaption><\/figure>\n\n\n\n<figure class=\"wp-block-image size-large\"><a  href=\"https:\/\/www.galerie-schmalfuss.de\/wp-content\/uploads\/2023\/02\/ROBERT-WEBER-Anatomie-der-Ekstase-Malerei-auf-Goldgrund-auf-Holz-150x190-cm-rotated.jpg\" data-rel=\"lightbox-gallery-0\" data-rl_title=\"ROBERT WEBER Anatomie der Ekstase, Malerei auf Goldgrund auf Holz, 150&#215;190 cm\" data-rl_caption=\"ROBERT WEBER\" title=\"ROBERT WEBER Anatomie der Ekstase, Malerei auf Goldgrund auf Holz, 150&#215;190 cm\"><img loading=\"lazy\" decoding=\"async\" width=\"1024\" height=\"783\" data-id=\"12489\" src=\"https:\/\/www.galerie-schmalfuss.de\/wp-content\/uploads\/2023\/02\/ROBERT-WEBER-Anatomie-der-Ekstase-Malerei-auf-Goldgrund-auf-Holz-150x190-cm-1024x783.jpg\" alt=\"\" class=\"wp-image-12489\" title=\"\" srcset=\"https:\/\/www.galerie-schmalfuss.de\/wp-content\/uploads\/2023\/02\/ROBERT-WEBER-Anatomie-der-Ekstase-Malerei-auf-Goldgrund-auf-Holz-150x190-cm-1024x783.jpg 1024w, https:\/\/www.galerie-schmalfuss.de\/wp-content\/uploads\/2023\/02\/ROBERT-WEBER-Anatomie-der-Ekstase-Malerei-auf-Goldgrund-auf-Holz-150x190-cm-300x229.jpg 300w, https:\/\/www.galerie-schmalfuss.de\/wp-content\/uploads\/2023\/02\/ROBERT-WEBER-Anatomie-der-Ekstase-Malerei-auf-Goldgrund-auf-Holz-150x190-cm-768x587.jpg 768w, https:\/\/www.galerie-schmalfuss.de\/wp-content\/uploads\/2023\/02\/ROBERT-WEBER-Anatomie-der-Ekstase-Malerei-auf-Goldgrund-auf-Holz-150x190-cm-1536x1174.jpg 1536w, https:\/\/www.galerie-schmalfuss.de\/wp-content\/uploads\/2023\/02\/ROBERT-WEBER-Anatomie-der-Ekstase-Malerei-auf-Goldgrund-auf-Holz-150x190-cm-rotated.jpg 1735w\" sizes=\"(max-width: 1024px) 100vw, 1024px\" \/><\/a><figcaption class=\"wp-element-caption\">ROBERT WEBER<\/figcaption><\/figure>\n\n\n\n<figure class=\"wp-block-image size-large\"><a  href=\"https:\/\/www.galerie-schmalfuss.de\/wp-content\/uploads\/2023\/02\/MARTIN-WEHMER-MJB-2019-oil-and-fabrics-on-canvas-206x105-cm-rotated.jpg\" data-rel=\"lightbox-gallery-0\" data-rl_title=\"MARTIN WEHMER MJB, 2019, oil and fabrics on canvas, 206&#215;105 cm\" data-rl_caption=\"MARTIN WEHMER\" title=\"MARTIN WEHMER MJB, 2019, oil and fabrics on canvas, 206&#215;105 cm\"><img loading=\"lazy\" decoding=\"async\" width=\"921\" height=\"472\" data-id=\"12488\" src=\"https:\/\/www.galerie-schmalfuss.de\/wp-content\/uploads\/2023\/02\/MARTIN-WEHMER-MJB-2019-oil-and-fabrics-on-canvas-206x105-cm-rotated.jpg\" alt=\"\" class=\"wp-image-12488\" title=\"\" srcset=\"https:\/\/www.galerie-schmalfuss.de\/wp-content\/uploads\/2023\/02\/MARTIN-WEHMER-MJB-2019-oil-and-fabrics-on-canvas-206x105-cm-rotated.jpg 921w, https:\/\/www.galerie-schmalfuss.de\/wp-content\/uploads\/2023\/02\/MARTIN-WEHMER-MJB-2019-oil-and-fabrics-on-canvas-206x105-cm-300x154.jpg 300w, https:\/\/www.galerie-schmalfuss.de\/wp-content\/uploads\/2023\/02\/MARTIN-WEHMER-MJB-2019-oil-and-fabrics-on-canvas-206x105-cm-768x394.jpg 768w\" sizes=\"(max-width: 921px) 100vw, 921px\" \/><\/a><figcaption class=\"wp-element-caption\">MARTIN WEHMER<\/figcaption><\/figure>\n\n\n\n<figure class=\"wp-block-image size-large\"><a  href=\"https:\/\/www.galerie-schmalfuss.de\/wp-content\/uploads\/2023\/02\/JUeRGEN-JANSEN-abstrakt-2023-Oel-und-Harz-auf-Holz-125x170-cm.jpg\" data-rel=\"lightbox-gallery-0\" data-rl_title=\"JU\u0308RGEN-JANSEN-abstrakt,-2023,-O\u0308l-und-Harz-auf-Holz,-125&#215;170-cm\" data-rl_caption=\"JU\u0308RGEN-JANSEN\" title=\"JU\u0308RGEN-JANSEN-abstrakt,-2023,-O\u0308l-und-Harz-auf-Holz,-125&#215;170-cm\"><img loading=\"lazy\" decoding=\"async\" width=\"749\" height=\"1024\" data-id=\"12487\" src=\"https:\/\/www.galerie-schmalfuss.de\/wp-content\/uploads\/2023\/02\/JUeRGEN-JANSEN-abstrakt-2023-Oel-und-Harz-auf-Holz-125x170-cm-749x1024.jpg\" alt=\"\" class=\"wp-image-12487\" title=\"\" srcset=\"https:\/\/www.galerie-schmalfuss.de\/wp-content\/uploads\/2023\/02\/JUeRGEN-JANSEN-abstrakt-2023-Oel-und-Harz-auf-Holz-125x170-cm-749x1024.jpg 749w, https:\/\/www.galerie-schmalfuss.de\/wp-content\/uploads\/2023\/02\/JUeRGEN-JANSEN-abstrakt-2023-Oel-und-Harz-auf-Holz-125x170-cm-220x300.jpg 220w, https:\/\/www.galerie-schmalfuss.de\/wp-content\/uploads\/2023\/02\/JUeRGEN-JANSEN-abstrakt-2023-Oel-und-Harz-auf-Holz-125x170-cm-768x1050.jpg 768w, https:\/\/www.galerie-schmalfuss.de\/wp-content\/uploads\/2023\/02\/JUeRGEN-JANSEN-abstrakt-2023-Oel-und-Harz-auf-Holz-125x170-cm-1124x1536.jpg 1124w, https:\/\/www.galerie-schmalfuss.de\/wp-content\/uploads\/2023\/02\/JUeRGEN-JANSEN-abstrakt-2023-Oel-und-Harz-auf-Holz-125x170-cm.jpg 1200w\" sizes=\"(max-width: 749px) 100vw, 749px\" \/><\/a><figcaption class=\"wp-element-caption\">JU\u0308RGEN-JANSEN<\/figcaption><\/figure>\n\n\n\n<figure class=\"wp-block-image size-large\"><a  href=\"https:\/\/www.galerie-schmalfuss.de\/wp-content\/uploads\/2023\/02\/HANNAH-BECHER-Strukturen-I-2022-Acryl-auf-Leinwand-100-x-70-cm.jpg\" data-rel=\"lightbox-gallery-0\" data-rl_title=\"HANNAH BECHER Strukturen I 2022 Acryl auf Leinwand 100 x 70 cm\" data-rl_caption=\"HANNAH BECHER\" title=\"HANNAH BECHER Strukturen I 2022 Acryl auf Leinwand 100 x 70 cm\"><img loading=\"lazy\" decoding=\"async\" width=\"1024\" height=\"727\" data-id=\"12486\" src=\"https:\/\/www.galerie-schmalfuss.de\/wp-content\/uploads\/2023\/02\/HANNAH-BECHER-Strukturen-I-2022-Acryl-auf-Leinwand-100-x-70-cm-1024x727.jpg\" alt=\"\" class=\"wp-image-12486\" title=\"\" srcset=\"https:\/\/www.galerie-schmalfuss.de\/wp-content\/uploads\/2023\/02\/HANNAH-BECHER-Strukturen-I-2022-Acryl-auf-Leinwand-100-x-70-cm-1024x727.jpg 1024w, https:\/\/www.galerie-schmalfuss.de\/wp-content\/uploads\/2023\/02\/HANNAH-BECHER-Strukturen-I-2022-Acryl-auf-Leinwand-100-x-70-cm-300x213.jpg 300w, https:\/\/www.galerie-schmalfuss.de\/wp-content\/uploads\/2023\/02\/HANNAH-BECHER-Strukturen-I-2022-Acryl-auf-Leinwand-100-x-70-cm-768x546.jpg 768w, https:\/\/www.galerie-schmalfuss.de\/wp-content\/uploads\/2023\/02\/HANNAH-BECHER-Strukturen-I-2022-Acryl-auf-Leinwand-100-x-70-cm-1536x1091.jpg 1536w, https:\/\/www.galerie-schmalfuss.de\/wp-content\/uploads\/2023\/02\/HANNAH-BECHER-Strukturen-I-2022-Acryl-auf-Leinwand-100-x-70-cm.jpg 1920w\" sizes=\"(max-width: 1024px) 100vw, 1024px\" \/><\/a><figcaption class=\"wp-element-caption\">HANNAH BECHER<\/figcaption><\/figure>\n<\/figure>\n\n\n\n<p>Lassen Sie uns gemeinsam die individuellen Schaffensprozesse der K\u00fcnstlerinnen und K\u00fcnstler hinterfragen. Gerne tauchen wir mit Ihnen ein in die Tiefe des subjektiv bildhaften Erlebens von etwas sinnlich nicht Wahrnehmbaren.<\/p>\n\n\n\n<p class=\"has-text-align-left\">Wir freuen uns auf Ihren Besuch!<\/p>\n\n\n\n<p class=\"has-text-align-left\">Michael W. Schmalfu\u00df &amp; Team<\/p>\n","protected":false},"excerpt":{"rendered":"<p>11.02.2023 \/ 11.03. 2023<\/p>\n","protected":false},"author":6,"featured_media":12445,"comment_status":"closed","ping_status":"closed","sticky":false,"template":"","format":"standard","meta":{"footnotes":""},"categories":[4,5],"tags":[141,59,74,89,104,24,138,94,140,139,137,135],"class_list":["post-12444","post","type-post","status-publish","format-standard","has-post-thumbnail","hentry","category-exhibitions","category-berlin","tag-annelen-kaeferstein","tag-bernd-schwarting","tag-hannah-becher","tag-hans-hendrik-grimmling","tag-juergen-durner","tag-juergen-jansen","tag-martin-wehmer","tag-martina-ziegler","tag-peter-simon-muehlhaeusser","tag-robert-weber","tag-trak-wendisch","tag-ulrike-buhl","entry"],"_links":{"self":[{"href":"https:\/\/www.galerie-schmalfuss.de\/index.php\/wp-json\/wp\/v2\/posts\/12444","targetHints":{"allow":["GET"]}}],"collection":[{"href":"https:\/\/www.galerie-schmalfuss.de\/index.php\/wp-json\/wp\/v2\/posts"}],"about":[{"href":"https:\/\/www.galerie-schmalfuss.de\/index.php\/wp-json\/wp\/v2\/types\/post"}],"author":[{"embeddable":true,"href":"https:\/\/www.galerie-schmalfuss.de\/index.php\/wp-json\/wp\/v2\/users\/6"}],"replies":[{"embeddable":true,"href":"https:\/\/www.galerie-schmalfuss.de\/index.php\/wp-json\/wp\/v2\/comments?post=12444"}],"version-history":[{"count":17,"href":"https:\/\/www.galerie-schmalfuss.de\/index.php\/wp-json\/wp\/v2\/posts\/12444\/revisions"}],"predecessor-version":[{"id":12520,"href":"https:\/\/www.galerie-schmalfuss.de\/index.php\/wp-json\/wp\/v2\/posts\/12444\/revisions\/12520"}],"wp:featuredmedia":[{"embeddable":true,"href":"https:\/\/www.galerie-schmalfuss.de\/index.php\/wp-json\/wp\/v2\/media\/12445"}],"wp:attachment":[{"href":"https:\/\/www.galerie-schmalfuss.de\/index.php\/wp-json\/wp\/v2\/media?parent=12444"}],"wp:term":[{"taxonomy":"category","embeddable":true,"href":"https:\/\/www.galerie-schmalfuss.de\/index.php\/wp-json\/wp\/v2\/categories?post=12444"},{"taxonomy":"post_tag","embeddable":true,"href":"https:\/\/www.galerie-schmalfuss.de\/index.php\/wp-json\/wp\/v2\/tags?post=12444"}],"curies":[{"name":"wp","href":"https:\/\/api.w.org\/{rel}","templated":true}]}}