{"id":12891,"date":"2023-08-02T11:32:56","date_gmt":"2023-08-02T11:32:56","guid":{"rendered":"https:\/\/www.galerie-schmalfuss.de\/?p=12891"},"modified":"2023-08-18T11:09:41","modified_gmt":"2023-08-18T11:09:41","slug":"knokke-art-fair","status":"publish","type":"post","link":"https:\/\/www.galerie-schmalfuss.de\/index.php\/knokke-art-fair\/","title":{"rendered":"KNOKKE ART FAIR"},"content":{"rendered":"<div class=\"wp-block-image\">\n<figure class=\"aligncenter size-full\"><a href=\"https:\/\/www.knaf.be\/de-home.html\" target=\"_blank\" rel=\"noreferrer noopener\"><img decoding=\"async\" width=\"208\" height=\"187\" src=\"https:\/\/www.galerie-schmalfuss.de\/wp-content\/uploads\/2023\/07\/Knokke-Art-Fair.png\" alt=\"\" class=\"wp-image-12811\" title=\"\"><\/a><\/figure>\n<\/div>\n\n\n<p class=\"has-text-align-center\">5 August &#8211; 15 August 2023<\/p>\n\n\n\n<!--more-->\n\n\n\n<p class=\"has-text-align-center\">Werke von <\/p>\n\n\n\n<pre class=\"wp-block-verse has-text-align-center\">CAROLA SCHAPALS | J\u00dcRGEN JANSEN | MAXIMILIAN VERHAS | J\u00dcRGEN PAAS | MARTINA ZIEGLER | J\u00dcRGEN DURNER | ROLAND STRATMANN | OLIVER CZARNETTA | \nHANNES MUSSNER<\/pre>\n\n\n\n<figure class=\"wp-block-gallery has-nested-images columns-default is-cropped wp-block-gallery-1 is-layout-flex wp-block-gallery-is-layout-flex\">\n<figure class=\"wp-block-image size-large\"><a href=\"https:\/\/www.galerie-schmalfuss.de\/index.php\/kuenstler\/hannes-mussner\/\"><img fetchpriority=\"high\" decoding=\"async\" width=\"459\" height=\"1024\" data-id=\"12896\" src=\"https:\/\/www.galerie-schmalfuss.de\/wp-content\/uploads\/2023\/08\/HANNES-MUSSNER-Es-wurde-Licht-Frau-2022-Nussholz-Acrylfarbe-100-cm-459x1024.jpg\" alt=\"\" class=\"wp-image-12896\" title=\"\" srcset=\"https:\/\/www.galerie-schmalfuss.de\/wp-content\/uploads\/2023\/08\/HANNES-MUSSNER-Es-wurde-Licht-Frau-2022-Nussholz-Acrylfarbe-100-cm-459x1024.jpg 459w, https:\/\/www.galerie-schmalfuss.de\/wp-content\/uploads\/2023\/08\/HANNES-MUSSNER-Es-wurde-Licht-Frau-2022-Nussholz-Acrylfarbe-100-cm-135x300.jpg 135w, https:\/\/www.galerie-schmalfuss.de\/wp-content\/uploads\/2023\/08\/HANNES-MUSSNER-Es-wurde-Licht-Frau-2022-Nussholz-Acrylfarbe-100-cm.jpg 538w\" sizes=\"(max-width: 459px) 100vw, 459px\" \/><\/a><figcaption class=\"wp-element-caption\">Hannes Mussner<\/figcaption><\/figure>\n\n\n\n<figure class=\"wp-block-image size-large\"><a href=\"https:\/\/www.galerie-schmalfuss.de\/index.php\/kuenstler\/carola-schapals\"><img decoding=\"async\" width=\"1024\" height=\"858\" data-id=\"12895\" src=\"https:\/\/www.galerie-schmalfuss.de\/wp-content\/uploads\/2023\/08\/CAROLA-SCHAPALS-2023-Where-the-bats-are-sleeping-1024x858.jpg\" alt=\"CAROLA SCHAPALS\n\" class=\"wp-image-12895\" title=\"\" srcset=\"https:\/\/www.galerie-schmalfuss.de\/wp-content\/uploads\/2023\/08\/CAROLA-SCHAPALS-2023-Where-the-bats-are-sleeping-1024x858.jpg 1024w, https:\/\/www.galerie-schmalfuss.de\/wp-content\/uploads\/2023\/08\/CAROLA-SCHAPALS-2023-Where-the-bats-are-sleeping-300x251.jpg 300w, https:\/\/www.galerie-schmalfuss.de\/wp-content\/uploads\/2023\/08\/CAROLA-SCHAPALS-2023-Where-the-bats-are-sleeping-768x643.jpg 768w, https:\/\/www.galerie-schmalfuss.de\/wp-content\/uploads\/2023\/08\/CAROLA-SCHAPALS-2023-Where-the-bats-are-sleeping.jpg 1200w\" sizes=\"(max-width: 1024px) 100vw, 1024px\" \/><\/a><figcaption class=\"wp-element-caption\">Carola Schapals<\/figcaption><\/figure>\n\n\n\n<figure class=\"wp-block-image size-large\"><a href=\"https:\/\/www.galerie-schmalfuss.de\/index.php\/kuenstler\/jurgen-jansen\/\"><img loading=\"lazy\" decoding=\"async\" width=\"1024\" height=\"688\" data-id=\"8992\" src=\"https:\/\/www.galerie-schmalfuss.de\/wp-content\/uploads\/2019\/11\/farben2-1024x688.jpg\" alt=\"J\u00dcRGEN JANSEN\" class=\"wp-image-8992\" title=\"\" srcset=\"https:\/\/www.galerie-schmalfuss.de\/wp-content\/uploads\/2019\/11\/farben2-1024x688.jpg 1024w, https:\/\/www.galerie-schmalfuss.de\/wp-content\/uploads\/2019\/11\/farben2-300x202.jpg 300w, https:\/\/www.galerie-schmalfuss.de\/wp-content\/uploads\/2019\/11\/farben2-768x516.jpg 768w, https:\/\/www.galerie-schmalfuss.de\/wp-content\/uploads\/2019\/11\/farben2.jpg 1920w\" sizes=\"(max-width: 1024px) 100vw, 1024px\" \/><\/a><figcaption class=\"wp-element-caption\">J\u00fcrgen Jansen<\/figcaption><\/figure>\n\n\n\n<figure class=\"wp-block-image size-large\"><a href=\"https:\/\/www.galerie-schmalfuss.de\/index.php\/kuenstler\/juergen-paas\/\"><img loading=\"lazy\" decoding=\"async\" width=\"706\" height=\"1024\" data-id=\"9683\" src=\"https:\/\/www.galerie-schmalfuss.de\/wp-content\/uploads\/2020\/08\/TARGET-706x1024.jpg\" alt=\"\" class=\"wp-image-9683\" title=\"\" srcset=\"https:\/\/www.galerie-schmalfuss.de\/wp-content\/uploads\/2020\/08\/TARGET-706x1024.jpg 706w, https:\/\/www.galerie-schmalfuss.de\/wp-content\/uploads\/2020\/08\/TARGET-207x300.jpg 207w, https:\/\/www.galerie-schmalfuss.de\/wp-content\/uploads\/2020\/08\/TARGET-768x1115.jpg 768w, https:\/\/www.galerie-schmalfuss.de\/wp-content\/uploads\/2020\/08\/TARGET-1058x1536.jpg 1058w, https:\/\/www.galerie-schmalfuss.de\/wp-content\/uploads\/2020\/08\/TARGET.jpg 1323w\" sizes=\"(max-width: 706px) 100vw, 706px\" \/><\/a><figcaption class=\"wp-element-caption\">J\u00fcrgen Paas<\/figcaption><\/figure>\n\n\n\n<figure class=\"wp-block-image size-large\"><a href=\"https:\/\/www.galerie-schmalfuss.de\/index.php\/kuenstler\/roland-stratmann\/\" target=\"_blank\" rel=\"https:\/\/www.galerie-schmalfuss.de\/index.php\/kuenstler\/carola-schapals\/ noopener\"><img loading=\"lazy\" decoding=\"async\" width=\"1024\" height=\"739\" data-id=\"12910\" src=\"https:\/\/www.galerie-schmalfuss.de\/wp-content\/uploads\/2023\/08\/ROLAND-STRATMANN-IBDMW_UraniusSloanus_800-1024x739.jpg\" alt=\"\" class=\"wp-image-12910\" title=\"\" srcset=\"https:\/\/www.galerie-schmalfuss.de\/wp-content\/uploads\/2023\/08\/ROLAND-STRATMANN-IBDMW_UraniusSloanus_800-1024x739.jpg 1024w, https:\/\/www.galerie-schmalfuss.de\/wp-content\/uploads\/2023\/08\/ROLAND-STRATMANN-IBDMW_UraniusSloanus_800-300x217.jpg 300w, https:\/\/www.galerie-schmalfuss.de\/wp-content\/uploads\/2023\/08\/ROLAND-STRATMANN-IBDMW_UraniusSloanus_800-768x554.jpg 768w, https:\/\/www.galerie-schmalfuss.de\/wp-content\/uploads\/2023\/08\/ROLAND-STRATMANN-IBDMW_UraniusSloanus_800.jpg 1200w\" sizes=\"(max-width: 1024px) 100vw, 1024px\" \/><\/a><figcaption class=\"wp-element-caption\">Roland Stratmann<\/figcaption><\/figure>\n\n\n\n<figure class=\"wp-block-image size-large\"><a href=\"https:\/\/www.galerie-schmalfuss.de\/index.php\/kuenstler\/martina-ziegler\/\"><img loading=\"lazy\" decoding=\"async\" width=\"1024\" height=\"546\" data-id=\"12900\" src=\"https:\/\/www.galerie-schmalfuss.de\/wp-content\/uploads\/2023\/08\/MARTINA-ZIEGLER-Shipwreck-2023-1024x546.jpg\" alt=\"\" class=\"wp-image-12900\" title=\"\" srcset=\"https:\/\/www.galerie-schmalfuss.de\/wp-content\/uploads\/2023\/08\/MARTINA-ZIEGLER-Shipwreck-2023-1024x546.jpg 1024w, https:\/\/www.galerie-schmalfuss.de\/wp-content\/uploads\/2023\/08\/MARTINA-ZIEGLER-Shipwreck-2023-300x160.jpg 300w, https:\/\/www.galerie-schmalfuss.de\/wp-content\/uploads\/2023\/08\/MARTINA-ZIEGLER-Shipwreck-2023-768x410.jpg 768w, https:\/\/www.galerie-schmalfuss.de\/wp-content\/uploads\/2023\/08\/MARTINA-ZIEGLER-Shipwreck-2023.jpg 1200w\" sizes=\"(max-width: 1024px) 100vw, 1024px\" \/><\/a><figcaption class=\"wp-element-caption\">Martina Ziegler<\/figcaption><\/figure>\n\n\n\n<figure class=\"wp-block-image size-large\"><a href=\"https:\/\/www.galerie-schmalfuss.de\/index.php\/kuenstler\/maximilian-verhas\/\"><img loading=\"lazy\" decoding=\"async\" width=\"1024\" height=\"682\" data-id=\"12902\" src=\"https:\/\/www.galerie-schmalfuss.de\/wp-content\/uploads\/2023\/08\/MAXIMILIAN-VERHAS-Endless-Cube2018Bronze28x20x22cm-1024x682.jpg\" alt=\"\" class=\"wp-image-12902\" title=\"\" srcset=\"https:\/\/www.galerie-schmalfuss.de\/wp-content\/uploads\/2023\/08\/MAXIMILIAN-VERHAS-Endless-Cube2018Bronze28x20x22cm-1024x682.jpg 1024w, https:\/\/www.galerie-schmalfuss.de\/wp-content\/uploads\/2023\/08\/MAXIMILIAN-VERHAS-Endless-Cube2018Bronze28x20x22cm-300x200.jpg 300w, https:\/\/www.galerie-schmalfuss.de\/wp-content\/uploads\/2023\/08\/MAXIMILIAN-VERHAS-Endless-Cube2018Bronze28x20x22cm-768x511.jpg 768w, https:\/\/www.galerie-schmalfuss.de\/wp-content\/uploads\/2023\/08\/MAXIMILIAN-VERHAS-Endless-Cube2018Bronze28x20x22cm.jpg 1200w\" sizes=\"(max-width: 1024px) 100vw, 1024px\" \/><\/a><figcaption class=\"wp-element-caption\">Maximilian Verhas<\/figcaption><\/figure>\n\n\n\n<figure class=\"wp-block-image size-large\"><a href=\"https:\/\/www.galerie-schmalfuss.de\/index.php\/kuenstler\/juergen-durner\"><img loading=\"lazy\" decoding=\"async\" width=\"1024\" height=\"662\" data-id=\"12270\" src=\"https:\/\/www.galerie-schmalfuss.de\/wp-content\/uploads\/2022\/10\/JUeRGEN-DURNER-I-Inferno-2022-Oel-auf-Leinwand-150-cm-x-220-cm-1024x662.jpg\" alt=\"\" class=\"wp-image-12270\" title=\"\" srcset=\"https:\/\/www.galerie-schmalfuss.de\/wp-content\/uploads\/2022\/10\/JUeRGEN-DURNER-I-Inferno-2022-Oel-auf-Leinwand-150-cm-x-220-cm-1024x662.jpg 1024w, https:\/\/www.galerie-schmalfuss.de\/wp-content\/uploads\/2022\/10\/JUeRGEN-DURNER-I-Inferno-2022-Oel-auf-Leinwand-150-cm-x-220-cm-300x194.jpg 300w, https:\/\/www.galerie-schmalfuss.de\/wp-content\/uploads\/2022\/10\/JUeRGEN-DURNER-I-Inferno-2022-Oel-auf-Leinwand-150-cm-x-220-cm-768x497.jpg 768w, https:\/\/www.galerie-schmalfuss.de\/wp-content\/uploads\/2022\/10\/JUeRGEN-DURNER-I-Inferno-2022-Oel-auf-Leinwand-150-cm-x-220-cm-1536x994.jpg 1536w, https:\/\/www.galerie-schmalfuss.de\/wp-content\/uploads\/2022\/10\/JUeRGEN-DURNER-I-Inferno-2022-Oel-auf-Leinwand-150-cm-x-220-cm.jpg 1920w\" sizes=\"(max-width: 1024px) 100vw, 1024px\" \/><\/a><figcaption class=\"wp-element-caption\">Juergen Durner<\/figcaption><\/figure>\n\n\n\n<figure class=\"wp-block-image size-large\"><a href=\"https:\/\/www.galerie-schmalfuss.de\/index.php\/kuenstler\/oliver-czarnetta\/\"><img loading=\"lazy\" decoding=\"async\" width=\"682\" height=\"1024\" data-id=\"5886\" src=\"https:\/\/www.galerie-schmalfuss.de\/wp-content\/uploads\/2016\/11\/P1012059-682x1024.jpg\" alt=\"\" class=\"wp-image-5886\" title=\"\" srcset=\"https:\/\/www.galerie-schmalfuss.de\/wp-content\/uploads\/2016\/11\/P1012059-682x1024.jpg 682w, https:\/\/www.galerie-schmalfuss.de\/wp-content\/uploads\/2016\/11\/P1012059-200x300.jpg 200w, https:\/\/www.galerie-schmalfuss.de\/wp-content\/uploads\/2016\/11\/P1012059.jpg 1280w\" sizes=\"(max-width: 682px) 100vw, 682px\" \/><\/a><figcaption class=\"wp-element-caption\">OLIVER CZARNETTA<\/figcaption><\/figure>\n<\/figure>\n\n\n\n<!--iframe width='853' height='480' src='https:\/\/my.matterport.com\/show\/?m=Y7gk5wkbenu' frameborder='0' allowfullscreen allow='xr-spatial-tracking'><\/iframe-->\n\n\n\n<p class=\"has-text-align-center\">Wir freuen uns auf Ihren Besuch!<\/p>\n\n\n\n<p class=\"has-text-align-center\">Michael W. Schmalfu\u00df &amp; Team<\/p>\n\n\n\n<div style=\"height:40px\" aria-hidden=\"true\" class=\"wp-block-spacer\"><\/div>\n\n\n\n<div style=\"height:40px\" aria-hidden=\"true\" class=\"wp-block-spacer\"><\/div>\n","protected":false},"excerpt":{"rendered":"<p>5 August &#8211; 15 August 2023<\/p>\n","protected":false},"author":6,"featured_media":12910,"comment_status":"closed","ping_status":"closed","sticky":false,"template":"elementor_header_footer","format":"standard","meta":{"footnotes":""},"categories":[9],"tags":[43,100,104,24,36,94,124,152,98],"class_list":["post-12891","post","type-post","status-publish","format-standard","has-post-thumbnail","hentry","category-news","tag-carola-schapals","tag-hannes-mussner","tag-juergen-durner","tag-juergen-jansen","tag-juergen-paas","tag-martina-ziegler","tag-maximilian-verhas","tag-oliver-czarnetta-2","tag-roland-stratmann","entry"],"_links":{"self":[{"href":"https:\/\/www.galerie-schmalfuss.de\/index.php\/wp-json\/wp\/v2\/posts\/12891","targetHints":{"allow":["GET"]}}],"collection":[{"href":"https:\/\/www.galerie-schmalfuss.de\/index.php\/wp-json\/wp\/v2\/posts"}],"about":[{"href":"https:\/\/www.galerie-schmalfuss.de\/index.php\/wp-json\/wp\/v2\/types\/post"}],"author":[{"embeddable":true,"href":"https:\/\/www.galerie-schmalfuss.de\/index.php\/wp-json\/wp\/v2\/users\/6"}],"replies":[{"embeddable":true,"href":"https:\/\/www.galerie-schmalfuss.de\/index.php\/wp-json\/wp\/v2\/comments?post=12891"}],"version-history":[{"count":17,"href":"https:\/\/www.galerie-schmalfuss.de\/index.php\/wp-json\/wp\/v2\/posts\/12891\/revisions"}],"predecessor-version":[{"id":12935,"href":"https:\/\/www.galerie-schmalfuss.de\/index.php\/wp-json\/wp\/v2\/posts\/12891\/revisions\/12935"}],"wp:featuredmedia":[{"embeddable":true,"href":"https:\/\/www.galerie-schmalfuss.de\/index.php\/wp-json\/wp\/v2\/media\/12910"}],"wp:attachment":[{"href":"https:\/\/www.galerie-schmalfuss.de\/index.php\/wp-json\/wp\/v2\/media?parent=12891"}],"wp:term":[{"taxonomy":"category","embeddable":true,"href":"https:\/\/www.galerie-schmalfuss.de\/index.php\/wp-json\/wp\/v2\/categories?post=12891"},{"taxonomy":"post_tag","embeddable":true,"href":"https:\/\/www.galerie-schmalfuss.de\/index.php\/wp-json\/wp\/v2\/tags?post=12891"}],"curies":[{"name":"wp","href":"https:\/\/api.w.org\/{rel}","templated":true}]}}