{"id":13119,"date":"2023-12-14T16:55:14","date_gmt":"2023-12-14T16:55:14","guid":{"rendered":"https:\/\/www.galerie-schmalfuss.de\/?p=13119"},"modified":"2024-02-17T22:58:38","modified_gmt":"2024-02-17T22:58:38","slug":"art-karlsruhe-22-25-feb-2024","status":"publish","type":"post","link":"https:\/\/www.galerie-schmalfuss.de\/index.php\/art-karlsruhe-22-25-feb-2024\/","title":{"rendered":"Auf der art KARLSRUHE 2024 pr\u00e4sentieren wir\u2026"},"content":{"rendered":"<div class=\"wp-block-image\">\n<figure class=\"aligncenter size-large is-resized\"><a  href=\"https:\/\/www.galerie-schmalfuss.de\/wp-content\/uploads\/slider63\/ROLANDSTRATMANNSenzaMadonna_VerkehrKopie.jpeg\" data-rel=\"lightbox-gallery-0\" data-rl_title=\"ROLAND STRATMANN\" data-rl_caption=\"SenzaMadonna Verkehr, 2020, Zeichentusche auf 18 gel. Postkarte, 63x45cm\" title=\"ROLAND STRATMANN\"><img fetchpriority=\"high\" decoding=\"async\" width=\"729\" height=\"1024\" src=\"https:\/\/www.galerie-schmalfuss.de\/wp-content\/uploads\/slider63\/ROLANDSTRATMANNSenzaMadonna_VerkehrKopie-729x1024.jpeg\" alt=\"\" class=\"wp-image-13295\" style=\"width:278px;height:auto\" title=\"\" srcset=\"https:\/\/www.galerie-schmalfuss.de\/wp-content\/uploads\/slider63\/ROLANDSTRATMANNSenzaMadonna_VerkehrKopie-729x1024.jpeg 729w, https:\/\/www.galerie-schmalfuss.de\/wp-content\/uploads\/slider63\/ROLANDSTRATMANNSenzaMadonna_VerkehrKopie-214x300.jpeg 214w, https:\/\/www.galerie-schmalfuss.de\/wp-content\/uploads\/slider63\/ROLANDSTRATMANNSenzaMadonna_VerkehrKopie-768x1079.jpeg 768w, https:\/\/www.galerie-schmalfuss.de\/wp-content\/uploads\/slider63\/ROLANDSTRATMANNSenzaMadonna_VerkehrKopie.jpeg 854w\" sizes=\"(max-width: 729px) 100vw, 729px\" \/><\/a><figcaption class=\"wp-element-caption\">Zeichnungen auf gelaufenen Postkarten<br>im Bereich der<br><strong>Paper Square PLUS<\/strong><br>(Halle 3\/Stand PSP-9)<br>von<br><strong>ROLAND STRATMANN<\/strong><\/figcaption><\/figure>\n<\/div>\n\n\n<div style=\"height:54px\" aria-hidden=\"true\" class=\"wp-block-spacer\"><\/div>\n\n\n<div class=\"wp-block-image\">\n<figure class=\"aligncenter size-large is-resized\"><a  href=\"https:\/\/www.galerie-schmalfuss.de\/wp-content\/uploads\/2024\/02\/EDGAR-DIEHL_22_23-__JUPITER-LXVII__-100x100x12cm-Kopie.jpg\" data-rel=\"lightbox-gallery-0\" data-rl_title=\"EDGAR DIEHL\" data-rl_caption=\"22_23 JUPITER LXVII, 100x100x12cm,\" title=\"EDGAR DIEHL\"><img decoding=\"async\" width=\"961\" height=\"1024\" src=\"https:\/\/www.galerie-schmalfuss.de\/wp-content\/uploads\/2024\/02\/EDGAR-DIEHL_22_23-__JUPITER-LXVII__-100x100x12cm-Kopie-961x1024.jpg\" alt=\"\" class=\"wp-image-13270\" style=\"width:344px;height:auto\" title=\"\" srcset=\"https:\/\/www.galerie-schmalfuss.de\/wp-content\/uploads\/2024\/02\/EDGAR-DIEHL_22_23-__JUPITER-LXVII__-100x100x12cm-Kopie-961x1024.jpg 961w, https:\/\/www.galerie-schmalfuss.de\/wp-content\/uploads\/2024\/02\/EDGAR-DIEHL_22_23-__JUPITER-LXVII__-100x100x12cm-Kopie-282x300.jpg 282w, https:\/\/www.galerie-schmalfuss.de\/wp-content\/uploads\/2024\/02\/EDGAR-DIEHL_22_23-__JUPITER-LXVII__-100x100x12cm-Kopie-768x818.jpg 768w, https:\/\/www.galerie-schmalfuss.de\/wp-content\/uploads\/2024\/02\/EDGAR-DIEHL_22_23-__JUPITER-LXVII__-100x100x12cm-Kopie.jpg 1126w\" sizes=\"(max-width: 961px) 100vw, 961px\" \/><\/a><figcaption class=\"wp-element-caption\">Reliefs aus Acryl auf geformtem Aluminium<br>im Rahmen der<br><strong>One-Artist-Show<\/strong><br>von dem international renommierten Vertreter<br>der konkreten Kunst<br><strong>EDGAR DIEHL<\/strong><br>&nbsp;<\/figcaption><\/figure>\n<\/div>\n\n\n<div style=\"height:54px\" aria-hidden=\"true\" class=\"wp-block-spacer\"><\/div>\n\n\n<div class=\"wp-block-image\">\n<figure class=\"aligncenter size-large is-resized\"><a  href=\"https:\/\/www.galerie-schmalfuss.de\/wp-content\/uploads\/2024\/02\/HANNES-MUSSNER_Sister-TallSister-Sweet_1_2024_LindenholzAcrylfarbe_je185x40x40cm.-Kopie-2.jpg\" data-rel=\"lightbox-gallery-0\" data-rl_title=\"HANNES MUSSNER_Sister Tall+Sister Sweet_1_2024_Lindenholz,Acrylfarbe_je185x40x40cm.\" data-rl_caption=\"Sister Tall+Sister Sweet_1_2024_Lindenholz,Acrylfarbe_je185x40x40cm.\" title=\"HANNES MUSSNER_Sister Tall+Sister Sweet_1_2024_Lindenholz,Acrylfarbe_je185x40x40cm.\"><img decoding=\"async\" width=\"506\" height=\"1024\" src=\"https:\/\/www.galerie-schmalfuss.de\/wp-content\/uploads\/2024\/02\/HANNES-MUSSNER_Sister-TallSister-Sweet_1_2024_LindenholzAcrylfarbe_je185x40x40cm.-Kopie-2-506x1024.jpg\" alt=\"\" class=\"wp-image-13313\" style=\"width:347px;height:auto\" title=\"\" srcset=\"https:\/\/www.galerie-schmalfuss.de\/wp-content\/uploads\/2024\/02\/HANNES-MUSSNER_Sister-TallSister-Sweet_1_2024_LindenholzAcrylfarbe_je185x40x40cm.-Kopie-2-506x1024.jpg 506w, https:\/\/www.galerie-schmalfuss.de\/wp-content\/uploads\/2024\/02\/HANNES-MUSSNER_Sister-TallSister-Sweet_1_2024_LindenholzAcrylfarbe_je185x40x40cm.-Kopie-2-148x300.jpg 148w, https:\/\/www.galerie-schmalfuss.de\/wp-content\/uploads\/2024\/02\/HANNES-MUSSNER_Sister-TallSister-Sweet_1_2024_LindenholzAcrylfarbe_je185x40x40cm.-Kopie-2.jpg 593w\" sizes=\"(max-width: 506px) 100vw, 506px\" \/><\/a><figcaption class=\"wp-element-caption\">brandaktuelle Holzskulpturen<br>des als Geheimtipp geltenden Bildhauers<br><strong>HANNES MUSSNER<\/strong><\/figcaption><\/figure>\n<\/div>\n\n\n<div style=\"height:54px\" aria-hidden=\"true\" class=\"wp-block-spacer\"><\/div>\n\n\n<div class=\"wp-block-image\">\n<figure class=\"aligncenter size-large is-resized\"><a  href=\"https:\/\/www.galerie-schmalfuss.de\/wp-content\/uploads\/2024\/01\/JUeRGEN-DURNER_Resonanz_2023_Oel-auf-Leinwand_75x90cm.jpg\" data-rel=\"lightbox-gallery-0\" data-rl_title=\"JU\u0308RGEN DURNER_Resonanz_2023_O\u0308l auf Leinwand_75x90cm\" data-rl_caption=\"\" title=\"JU\u0308RGEN DURNER_Resonanz_2023_O\u0308l auf Leinwand_75x90cm\"><img loading=\"lazy\" decoding=\"async\" width=\"1024\" height=\"844\" src=\"https:\/\/www.galerie-schmalfuss.de\/wp-content\/uploads\/2024\/01\/JUeRGEN-DURNER_Resonanz_2023_Oel-auf-Leinwand_75x90cm-1024x844.jpg\" alt=\"\" class=\"wp-image-13243\" style=\"width:351px;height:auto\" title=\"\" srcset=\"https:\/\/www.galerie-schmalfuss.de\/wp-content\/uploads\/2024\/01\/JUeRGEN-DURNER_Resonanz_2023_Oel-auf-Leinwand_75x90cm-1024x844.jpg 1024w, https:\/\/www.galerie-schmalfuss.de\/wp-content\/uploads\/2024\/01\/JUeRGEN-DURNER_Resonanz_2023_Oel-auf-Leinwand_75x90cm-300x247.jpg 300w, https:\/\/www.galerie-schmalfuss.de\/wp-content\/uploads\/2024\/01\/JUeRGEN-DURNER_Resonanz_2023_Oel-auf-Leinwand_75x90cm-768x633.jpg 768w, https:\/\/www.galerie-schmalfuss.de\/wp-content\/uploads\/2024\/01\/JUeRGEN-DURNER_Resonanz_2023_Oel-auf-Leinwand_75x90cm.jpg 1200w\" sizes=\"(max-width: 1024px) 100vw, 1024px\" \/><\/a><figcaption class=\"wp-element-caption\">Gem\u00e4lde voller paralleler Welten<br>des gefragten K\u00fcnstlers<br><strong>J\u00dcRGEN DURNER<\/strong><\/figcaption><\/figure>\n<\/div>\n\n\n<div style=\"height:54px\" aria-hidden=\"true\" class=\"wp-block-spacer\"><\/div>\n\n\n<div class=\"wp-block-image\">\n<figure class=\"aligncenter size-large is-resized\"><a  href=\"https:\/\/www.galerie-schmalfuss.de\/wp-content\/uploads\/2024\/02\/ULRIKE-BOLENZ_Female-Icar-Cocon_2024_Oel-u.Acrylfarbe-Acrylglas_70x140x25cm.jpg\" data-rel=\"lightbox-gallery-0\" data-rl_title=\"ULRIKE BOLENZ_Female Icar &#8211; Cocon_2024_O\u0308l-u.Acrylfarbe, Acrylglas_70x140x25cm\" data-rl_caption=\"\" title=\"ULRIKE BOLENZ_Female Icar &#8211; Cocon_2024_O\u0308l-u.Acrylfarbe, Acrylglas_70x140x25cm\"><img loading=\"lazy\" decoding=\"async\" width=\"457\" height=\"1024\" src=\"https:\/\/www.galerie-schmalfuss.de\/wp-content\/uploads\/2024\/02\/ULRIKE-BOLENZ_Female-Icar-Cocon_2024_Oel-u.Acrylfarbe-Acrylglas_70x140x25cm-457x1024.jpg\" alt=\"\" class=\"wp-image-13272\" style=\"width:361px;height:auto\" title=\"\" srcset=\"https:\/\/www.galerie-schmalfuss.de\/wp-content\/uploads\/2024\/02\/ULRIKE-BOLENZ_Female-Icar-Cocon_2024_Oel-u.Acrylfarbe-Acrylglas_70x140x25cm-457x1024.jpg 457w, https:\/\/www.galerie-schmalfuss.de\/wp-content\/uploads\/2024\/02\/ULRIKE-BOLENZ_Female-Icar-Cocon_2024_Oel-u.Acrylfarbe-Acrylglas_70x140x25cm-134x300.jpg 134w, https:\/\/www.galerie-schmalfuss.de\/wp-content\/uploads\/2024\/02\/ULRIKE-BOLENZ_Female-Icar-Cocon_2024_Oel-u.Acrylfarbe-Acrylglas_70x140x25cm.jpg 536w\" sizes=\"(max-width: 457px) 100vw, 457px\" \/><\/a><figcaption class=\"wp-element-caption\">\u201eschwebende\u201c Objektarbeiten<br>der weltweit engagierten K\u00fcnstlerin<br><strong>ULRIKE BOLENZ<\/strong><\/figcaption><\/figure>\n<\/div>\n\n\n<div style=\"height:54px\" aria-hidden=\"true\" class=\"wp-block-spacer\"><\/div>\n\n\n<div class=\"wp-block-image\">\n<figure class=\"aligncenter size-large is-resized\"><a  href=\"https:\/\/www.galerie-schmalfuss.de\/wp-content\/uploads\/2023\/07\/JAN_PETER-TRIPP_Blanc-de-Blanc_-Acryl-auf-MDF_-70-x-50-cm_2023.jpg\" data-rel=\"lightbox-gallery-0\" data-rl_title=\"JAN_PETER TRIPP_Blanc de Blanc_ Acryl auf MDF_ 70 x 50 cm_2023\" data-rl_caption=\"\" title=\"JAN_PETER TRIPP_Blanc de Blanc_ Acryl auf MDF_ 70 x 50 cm_2023\"><img loading=\"lazy\" decoding=\"async\" width=\"894\" height=\"1024\" src=\"https:\/\/www.galerie-schmalfuss.de\/wp-content\/uploads\/2023\/07\/JAN_PETER-TRIPP_Blanc-de-Blanc_-Acryl-auf-MDF_-70-x-50-cm_2023-894x1024.jpg\" alt=\"\" class=\"wp-image-12859\" style=\"width:426px;height:auto\" title=\"\" srcset=\"https:\/\/www.galerie-schmalfuss.de\/wp-content\/uploads\/2023\/07\/JAN_PETER-TRIPP_Blanc-de-Blanc_-Acryl-auf-MDF_-70-x-50-cm_2023-894x1024.jpg 894w, https:\/\/www.galerie-schmalfuss.de\/wp-content\/uploads\/2023\/07\/JAN_PETER-TRIPP_Blanc-de-Blanc_-Acryl-auf-MDF_-70-x-50-cm_2023-262x300.jpg 262w, https:\/\/www.galerie-schmalfuss.de\/wp-content\/uploads\/2023\/07\/JAN_PETER-TRIPP_Blanc-de-Blanc_-Acryl-auf-MDF_-70-x-50-cm_2023-768x880.jpg 768w, https:\/\/www.galerie-schmalfuss.de\/wp-content\/uploads\/2023\/07\/JAN_PETER-TRIPP_Blanc-de-Blanc_-Acryl-auf-MDF_-70-x-50-cm_2023-1341x1536.jpg 1341w, https:\/\/www.galerie-schmalfuss.de\/wp-content\/uploads\/2023\/07\/JAN_PETER-TRIPP_Blanc-de-Blanc_-Acryl-auf-MDF_-70-x-50-cm_2023.jpg 1400w\" sizes=\"(max-width: 894px) 100vw, 894px\" \/><\/a><figcaption class=\"wp-element-caption\">virtuose Malerei von einem der wichtigsten<br>zeitgen\u00f6ssischen Vertretern des Realismus<br><strong>JAN PETER TRIPP<\/strong><\/figcaption><\/figure>\n<\/div>\n\n\n<div style=\"height:54px\" aria-hidden=\"true\" class=\"wp-block-spacer\"><\/div>\n\n\n<div class=\"wp-block-image\">\n<figure class=\"aligncenter size-large is-resized\"><a  href=\"https:\/\/www.galerie-schmalfuss.de\/wp-content\/uploads\/2023\/12\/CAROLA-SCHAPALS-Tropical-treasures-2019-Oel-auf-Leinwand-160x120cm.jpg\" data-rel=\"lightbox-gallery-0\" data-rl_title=\"CAROLA SCHAPALS, Tropical treasures, 2019, \u00d6l auf Leinwand, 160x120cm\" data-rl_caption=\"\" title=\"CAROLA SCHAPALS, Tropical treasures, 2019, \u00d6l auf Leinwand, 160x120cm\"><img loading=\"lazy\" decoding=\"async\" width=\"766\" height=\"1024\" src=\"https:\/\/www.galerie-schmalfuss.de\/wp-content\/uploads\/2023\/12\/CAROLA-SCHAPALS-Tropical-treasures-2019-Oel-auf-Leinwand-160x120cm-766x1024.jpg\" alt=\"\" class=\"wp-image-13116\" style=\"width:396px;height:auto\" title=\"\" srcset=\"https:\/\/www.galerie-schmalfuss.de\/wp-content\/uploads\/2023\/12\/CAROLA-SCHAPALS-Tropical-treasures-2019-Oel-auf-Leinwand-160x120cm-766x1024.jpg 766w, https:\/\/www.galerie-schmalfuss.de\/wp-content\/uploads\/2023\/12\/CAROLA-SCHAPALS-Tropical-treasures-2019-Oel-auf-Leinwand-160x120cm-225x300.jpg 225w, https:\/\/www.galerie-schmalfuss.de\/wp-content\/uploads\/2023\/12\/CAROLA-SCHAPALS-Tropical-treasures-2019-Oel-auf-Leinwand-160x120cm-768x1026.jpg 768w, https:\/\/www.galerie-schmalfuss.de\/wp-content\/uploads\/2023\/12\/CAROLA-SCHAPALS-Tropical-treasures-2019-Oel-auf-Leinwand-160x120cm.jpg 898w\" sizes=\"(max-width: 766px) 100vw, 766px\" \/><\/a><figcaption class=\"wp-element-caption\">atmosph\u00e4rische Bild-Erz\u00e4hlungen<br>der Landschaftsmalerin<br><strong>CAROLA SCHAPALS<\/strong><\/figcaption><\/figure>\n<\/div>\n\n\n<div style=\"height:54px\" aria-hidden=\"true\" class=\"wp-block-spacer\"><\/div>\n\n\n\n<p class=\"has-text-align-center\">Wir freuen uns auf Ihren Besuch!<\/p>\n","protected":false},"excerpt":{"rendered":"<p>Wir freuen uns auf Ihren Besuch!<\/p>\n","protected":false},"author":6,"featured_media":13125,"comment_status":"closed","ping_status":"closed","sticky":false,"template":"","format":"standard","meta":{"footnotes":""},"categories":[9],"tags":[],"class_list":["post-13119","post","type-post","status-publish","format-standard","has-post-thumbnail","hentry","category-news","entry"],"_links":{"self":[{"href":"https:\/\/www.galerie-schmalfuss.de\/index.php\/wp-json\/wp\/v2\/posts\/13119","targetHints":{"allow":["GET"]}}],"collection":[{"href":"https:\/\/www.galerie-schmalfuss.de\/index.php\/wp-json\/wp\/v2\/posts"}],"about":[{"href":"https:\/\/www.galerie-schmalfuss.de\/index.php\/wp-json\/wp\/v2\/types\/post"}],"author":[{"embeddable":true,"href":"https:\/\/www.galerie-schmalfuss.de\/index.php\/wp-json\/wp\/v2\/users\/6"}],"replies":[{"embeddable":true,"href":"https:\/\/www.galerie-schmalfuss.de\/index.php\/wp-json\/wp\/v2\/comments?post=13119"}],"version-history":[{"count":13,"href":"https:\/\/www.galerie-schmalfuss.de\/index.php\/wp-json\/wp\/v2\/posts\/13119\/revisions"}],"predecessor-version":[{"id":13327,"href":"https:\/\/www.galerie-schmalfuss.de\/index.php\/wp-json\/wp\/v2\/posts\/13119\/revisions\/13327"}],"wp:featuredmedia":[{"embeddable":true,"href":"https:\/\/www.galerie-schmalfuss.de\/index.php\/wp-json\/wp\/v2\/media\/13125"}],"wp:attachment":[{"href":"https:\/\/www.galerie-schmalfuss.de\/index.php\/wp-json\/wp\/v2\/media?parent=13119"}],"wp:term":[{"taxonomy":"category","embeddable":true,"href":"https:\/\/www.galerie-schmalfuss.de\/index.php\/wp-json\/wp\/v2\/categories?post=13119"},{"taxonomy":"post_tag","embeddable":true,"href":"https:\/\/www.galerie-schmalfuss.de\/index.php\/wp-json\/wp\/v2\/tags?post=13119"}],"curies":[{"name":"wp","href":"https:\/\/api.w.org\/{rel}","templated":true}]}}