{"id":13452,"date":"2024-04-30T12:18:12","date_gmt":"2024-04-30T12:18:12","guid":{"rendered":"https:\/\/www.galerie-schmalfuss.de\/?p=13452"},"modified":"2024-08-03T11:36:19","modified_gmt":"2024-08-03T11:36:19","slug":"hans-scheib-michel-meyer","status":"publish","type":"post","link":"https:\/\/www.galerie-schmalfuss.de\/index.php\/hans-scheib-michel-meyer\/","title":{"rendered":"HOLZ  | FARBE | BRONZE"},"content":{"rendered":"\n<p class=\"has-text-align-center\">3. August bis 31. August 2024<\/p>\n\n\n\n<p class=\"has-text-align-center\">Werke von dem Maler MICHEL MEYER und dem Bildhauer HANS SCHEIB<\/p>\n\n\n\n<p><\/p>\n\n\n\n<h2 class=\"wp-block-heading\">MICHAEL MEYER<\/h2>\n\n\n\n<p><\/p>\n\n\n\n<figure class=\"wp-block-gallery has-nested-images columns-default is-cropped wp-block-gallery-1 is-layout-flex wp-block-gallery-is-layout-flex\">\n<figure class=\"wp-block-image size-large\"><a  href=\"https:\/\/www.galerie-schmalfuss.de\/wp-content\/uploads\/2024\/04\/MICHEL-MEYER_Zuoberst-liegen-dieFuenfziger_2021_Oel-auf-LW_100x100cm.jpeg\" data-rel=\"lightbox-gallery-0\" data-rl_title=\"MICHEL MEYER\" data-rl_caption=\"Zuoberst liegen dieFu\u0308nfziger_2021_O\u0308l auf LW_100x100cm\" title=\"MICHEL MEYER\"><img fetchpriority=\"high\" decoding=\"async\" width=\"488\" height=\"480\" data-id=\"13645\" src=\"https:\/\/www.galerie-schmalfuss.de\/wp-content\/uploads\/2024\/04\/MICHEL-MEYER_Zuoberst-liegen-dieFuenfziger_2021_Oel-auf-LW_100x100cm.jpeg\" alt=\"\" class=\"wp-image-13645\" title=\"\" srcset=\"https:\/\/www.galerie-schmalfuss.de\/wp-content\/uploads\/2024\/04\/MICHEL-MEYER_Zuoberst-liegen-dieFuenfziger_2021_Oel-auf-LW_100x100cm.jpeg 488w, https:\/\/www.galerie-schmalfuss.de\/wp-content\/uploads\/2024\/04\/MICHEL-MEYER_Zuoberst-liegen-dieFuenfziger_2021_Oel-auf-LW_100x100cm-300x295.jpeg 300w\" sizes=\"(max-width: 488px) 100vw, 488px\" \/><\/a><figcaption class=\"wp-element-caption\">Zuoberst liegen dieFu\u0308nfziger_2021_O\u0308l auf LW_100x100cm<\/figcaption><\/figure>\n\n\n\n<figure class=\"wp-block-image size-large\"><a  href=\"https:\/\/www.galerie-schmalfuss.de\/wp-content\/uploads\/2024\/04\/MICHEL-MEYER_Zeit-fuer-Schnellschuesse_2020_Acryl-auf-LW_100x80cm.jpeg\" data-rel=\"lightbox-gallery-0\" data-rl_title=\"MICHEL MEYER\" data-rl_caption=\"Zeit fu\u0308r Schnellschu\u0308sse_2020_Acryl auf LW_100x80cm\" title=\"MICHEL MEYER\"><img decoding=\"async\" width=\"481\" height=\"612\" data-id=\"13644\" src=\"https:\/\/www.galerie-schmalfuss.de\/wp-content\/uploads\/2024\/04\/MICHEL-MEYER_Zeit-fuer-Schnellschuesse_2020_Acryl-auf-LW_100x80cm.jpeg\" alt=\"\" class=\"wp-image-13644\" title=\"\" srcset=\"https:\/\/www.galerie-schmalfuss.de\/wp-content\/uploads\/2024\/04\/MICHEL-MEYER_Zeit-fuer-Schnellschuesse_2020_Acryl-auf-LW_100x80cm.jpeg 481w, https:\/\/www.galerie-schmalfuss.de\/wp-content\/uploads\/2024\/04\/MICHEL-MEYER_Zeit-fuer-Schnellschuesse_2020_Acryl-auf-LW_100x80cm-236x300.jpeg 236w\" sizes=\"(max-width: 481px) 100vw, 481px\" \/><\/a><figcaption class=\"wp-element-caption\">Zeit fu\u0308r Schnellschu\u0308sse_2020_Acryl auf LW_100x80cm<\/figcaption><\/figure>\n\n\n\n<figure class=\"wp-block-image size-large\"><a  href=\"https:\/\/www.galerie-schmalfuss.de\/wp-content\/uploads\/2024\/04\/MICHEL-MEYER_Wiesenball_2016_Oel-auf-LW_100x80cm.jpeg\" data-rel=\"lightbox-gallery-0\" data-rl_title=\"MICHEL MEYER\" data-rl_caption=\"Wiesenball_2016_O\u0308l auf LW_100x80cm\" title=\"MICHEL MEYER\"><img decoding=\"async\" width=\"480\" height=\"589\" data-id=\"13643\" src=\"https:\/\/www.galerie-schmalfuss.de\/wp-content\/uploads\/2024\/04\/MICHEL-MEYER_Wiesenball_2016_Oel-auf-LW_100x80cm.jpeg\" alt=\"\" class=\"wp-image-13643\" title=\"\" srcset=\"https:\/\/www.galerie-schmalfuss.de\/wp-content\/uploads\/2024\/04\/MICHEL-MEYER_Wiesenball_2016_Oel-auf-LW_100x80cm.jpeg 480w, https:\/\/www.galerie-schmalfuss.de\/wp-content\/uploads\/2024\/04\/MICHEL-MEYER_Wiesenball_2016_Oel-auf-LW_100x80cm-244x300.jpeg 244w\" sizes=\"(max-width: 480px) 100vw, 480px\" \/><\/a><figcaption class=\"wp-element-caption\">Wiesenball_2016_O\u0308l auf LW_100x80cm<\/figcaption><\/figure>\n\n\n\n<figure class=\"wp-block-image size-large\"><a  href=\"https:\/\/www.galerie-schmalfuss.de\/wp-content\/uploads\/2024\/04\/MICHEL-MEYER_Spielpause_2015_Oel-auf-LW_100x140cm.jpg\" data-rel=\"lightbox-gallery-0\" data-rl_title=\"MICHEL MEYER\" data-rl_caption=\"Spielpause_2015_O\u0308l auf LW_100x140cm\" title=\"MICHEL MEYER\"><img loading=\"lazy\" decoding=\"async\" width=\"347\" height=\"248\" data-id=\"13642\" src=\"https:\/\/www.galerie-schmalfuss.de\/wp-content\/uploads\/2024\/04\/MICHEL-MEYER_Spielpause_2015_Oel-auf-LW_100x140cm.jpg\" alt=\"\" class=\"wp-image-13642\" title=\"\" srcset=\"https:\/\/www.galerie-schmalfuss.de\/wp-content\/uploads\/2024\/04\/MICHEL-MEYER_Spielpause_2015_Oel-auf-LW_100x140cm.jpg 347w, https:\/\/www.galerie-schmalfuss.de\/wp-content\/uploads\/2024\/04\/MICHEL-MEYER_Spielpause_2015_Oel-auf-LW_100x140cm-300x214.jpg 300w\" sizes=\"(max-width: 347px) 100vw, 347px\" \/><\/a><figcaption class=\"wp-element-caption\">Spielpause_2015_O\u0308l auf LW_100x140cm<\/figcaption><\/figure>\n\n\n\n<figure class=\"wp-block-image size-large\"><a  href=\"https:\/\/www.galerie-schmalfuss.de\/wp-content\/uploads\/2024\/04\/MICHEL-MEYER_Sei-mein-Freund_2021_Oel-auf-LW_80x60cm.jpg\" data-rel=\"lightbox-gallery-0\" data-rl_title=\"MICHEL MEYER\" data-rl_caption=\"Sei mein Freund_2021_O\u0308l auf LW_80x60cm\" title=\"MICHEL MEYER\"><img loading=\"lazy\" decoding=\"async\" width=\"147\" height=\"196\" data-id=\"13641\" src=\"https:\/\/www.galerie-schmalfuss.de\/wp-content\/uploads\/2024\/04\/MICHEL-MEYER_Sei-mein-Freund_2021_Oel-auf-LW_80x60cm.jpg\" alt=\"\" class=\"wp-image-13641\" title=\"\"><\/a><figcaption class=\"wp-element-caption\">Sei mein Freund_2021_O\u0308l auf LW_80x60cm<\/figcaption><\/figure>\n\n\n\n<figure class=\"wp-block-image size-large\"><a  href=\"https:\/\/www.galerie-schmalfuss.de\/wp-content\/uploads\/2024\/04\/MICHEL-MEYER_PlanktonXXXIII_-2021_Oel-aud-LW_140x120cm.jpeg\" data-rel=\"lightbox-gallery-0\" data-rl_title=\"MICHEL MEYER\" data-rl_caption=\"PlanktonXXXIII_ 2021_O\u0308l aud LW_140x120cm\" title=\"MICHEL MEYER\"><img loading=\"lazy\" decoding=\"async\" width=\"480\" height=\"557\" data-id=\"13640\" src=\"https:\/\/www.galerie-schmalfuss.de\/wp-content\/uploads\/2024\/04\/MICHEL-MEYER_PlanktonXXXIII_-2021_Oel-aud-LW_140x120cm.jpeg\" alt=\"\" class=\"wp-image-13640\" title=\"\" srcset=\"https:\/\/www.galerie-schmalfuss.de\/wp-content\/uploads\/2024\/04\/MICHEL-MEYER_PlanktonXXXIII_-2021_Oel-aud-LW_140x120cm.jpeg 480w, https:\/\/www.galerie-schmalfuss.de\/wp-content\/uploads\/2024\/04\/MICHEL-MEYER_PlanktonXXXIII_-2021_Oel-aud-LW_140x120cm-259x300.jpeg 259w\" sizes=\"(max-width: 480px) 100vw, 480px\" \/><\/a><figcaption class=\"wp-element-caption\">PlanktonXXXIII_ 2021_O\u0308l aud LW_140x120cm<\/figcaption><\/figure>\n\n\n\n<figure class=\"wp-block-image size-large\"><a  href=\"https:\/\/www.galerie-schmalfuss.de\/wp-content\/uploads\/2024\/04\/MICHEL-MEYER_Pelzgenossen_2020_Acryl-auf-LW_100x120cm.jpeg\" data-rel=\"lightbox-gallery-0\" data-rl_title=\"MICHEL MEYER\" data-rl_caption=\"Pelzgenossen_2020_Acryl auf LW_100x120cm\" title=\"MICHEL MEYER\"><img loading=\"lazy\" decoding=\"async\" width=\"581\" height=\"480\" data-id=\"13639\" src=\"https:\/\/www.galerie-schmalfuss.de\/wp-content\/uploads\/2024\/04\/MICHEL-MEYER_Pelzgenossen_2020_Acryl-auf-LW_100x120cm.jpeg\" alt=\"\" class=\"wp-image-13639\" title=\"\" srcset=\"https:\/\/www.galerie-schmalfuss.de\/wp-content\/uploads\/2024\/04\/MICHEL-MEYER_Pelzgenossen_2020_Acryl-auf-LW_100x120cm.jpeg 581w, https:\/\/www.galerie-schmalfuss.de\/wp-content\/uploads\/2024\/04\/MICHEL-MEYER_Pelzgenossen_2020_Acryl-auf-LW_100x120cm-300x248.jpeg 300w\" sizes=\"(max-width: 581px) 100vw, 581px\" \/><\/a><figcaption class=\"wp-element-caption\">Pelzgenossen_2020_Acryl auf LW_100x120cm<\/figcaption><\/figure>\n\n\n\n<figure class=\"wp-block-image size-large\"><a  href=\"https:\/\/www.galerie-schmalfuss.de\/wp-content\/uploads\/2024\/04\/MICHEL-MEYER_Morgenchor_2013_Acryl-auf-LW_60x60cm.jpg\" data-rel=\"lightbox-gallery-0\" data-rl_title=\"MICHEL MEYER\" data-rl_caption=\"Morgenchor_2013_Acryl auf LW_60x60cm\" title=\"MICHEL MEYER\"><img loading=\"lazy\" decoding=\"async\" width=\"158\" height=\"159\" data-id=\"13638\" src=\"https:\/\/www.galerie-schmalfuss.de\/wp-content\/uploads\/2024\/04\/MICHEL-MEYER_Morgenchor_2013_Acryl-auf-LW_60x60cm.jpg\" alt=\"\" class=\"wp-image-13638\" title=\"\" srcset=\"https:\/\/www.galerie-schmalfuss.de\/wp-content\/uploads\/2024\/04\/MICHEL-MEYER_Morgenchor_2013_Acryl-auf-LW_60x60cm.jpg 158w, https:\/\/www.galerie-schmalfuss.de\/wp-content\/uploads\/2024\/04\/MICHEL-MEYER_Morgenchor_2013_Acryl-auf-LW_60x60cm-150x150.jpg 150w\" sizes=\"(max-width: 158px) 100vw, 158px\" \/><\/a><figcaption class=\"wp-element-caption\">Morgenchor_2013_Acryl auf LW_60x60cm<\/figcaption><\/figure>\n\n\n\n<figure class=\"wp-block-image size-large\"><a  href=\"https:\/\/www.galerie-schmalfuss.de\/wp-content\/uploads\/2024\/04\/MICHEL-MEYER_Latein-als-Fremdsprache_2024_Oel-auf-LW_60x70cm.jpg\" data-rel=\"lightbox-gallery-0\" data-rl_title=\"MICHEL MEYER\" data-rl_caption=\"Latein als Fremdsprache_2024_O\u0308l auf LW_60x70cm\" title=\"MICHEL MEYER\"><img loading=\"lazy\" decoding=\"async\" width=\"182\" height=\"157\" data-id=\"13636\" src=\"https:\/\/www.galerie-schmalfuss.de\/wp-content\/uploads\/2024\/04\/MICHEL-MEYER_Latein-als-Fremdsprache_2024_Oel-auf-LW_60x70cm.jpg\" alt=\"\" class=\"wp-image-13636\" title=\"\"><\/a><figcaption class=\"wp-element-caption\">Latein als Fremdsprache_2024_O\u0308l auf LW_60x70cm<\/figcaption><\/figure>\n\n\n\n<figure class=\"wp-block-image size-large\"><a  href=\"https:\/\/www.galerie-schmalfuss.de\/wp-content\/uploads\/2024\/04\/MICHEL-MEYER_Kuesse_2020_Oel-auf-LW_80x70cm.jpg\" data-rel=\"lightbox-gallery-0\" data-rl_title=\"MICHEL MEYER\" data-rl_caption=\"Ku\u0308sse_2020_O\u0308l auf LW_80x70cm\" title=\"MICHEL MEYER\"><img loading=\"lazy\" decoding=\"async\" width=\"169\" height=\"196\" data-id=\"13635\" src=\"https:\/\/www.galerie-schmalfuss.de\/wp-content\/uploads\/2024\/04\/MICHEL-MEYER_Kuesse_2020_Oel-auf-LW_80x70cm.jpg\" alt=\"\" class=\"wp-image-13635\" title=\"\"><\/a><figcaption class=\"wp-element-caption\">Ku\u0308sse_2020_O\u0308l auf LW_80x70cm<\/figcaption><\/figure>\n\n\n\n<figure class=\"wp-block-image size-large\"><a  href=\"https:\/\/www.galerie-schmalfuss.de\/wp-content\/uploads\/2024\/04\/MICHEL-MEYER_Kleine-Erledigungen-im-Baustellenbereich_2021_Oel-auf-LW_60x140cm.jpg\" data-rel=\"lightbox-gallery-0\" data-rl_title=\"MICHEL MEYER\" data-rl_caption=\"Kleine Erledigungen im Baustellenbereich_2021_O\u0308l auf LW_60x140cm\" title=\"MICHEL MEYER\"><img loading=\"lazy\" decoding=\"async\" width=\"386\" height=\"168\" data-id=\"13634\" src=\"https:\/\/www.galerie-schmalfuss.de\/wp-content\/uploads\/2024\/04\/MICHEL-MEYER_Kleine-Erledigungen-im-Baustellenbereich_2021_Oel-auf-LW_60x140cm.jpg\" alt=\"\" class=\"wp-image-13634\" title=\"\" srcset=\"https:\/\/www.galerie-schmalfuss.de\/wp-content\/uploads\/2024\/04\/MICHEL-MEYER_Kleine-Erledigungen-im-Baustellenbereich_2021_Oel-auf-LW_60x140cm.jpg 386w, https:\/\/www.galerie-schmalfuss.de\/wp-content\/uploads\/2024\/04\/MICHEL-MEYER_Kleine-Erledigungen-im-Baustellenbereich_2021_Oel-auf-LW_60x140cm-300x131.jpg 300w\" sizes=\"(max-width: 386px) 100vw, 386px\" \/><\/a><figcaption class=\"wp-element-caption\">Kleine Erledigungen im Baustellenbereich_2021_O\u0308l auf LW_60x140cm<\/figcaption><\/figure>\n\n\n\n<figure class=\"wp-block-image size-large\"><a  href=\"https:\/\/www.galerie-schmalfuss.de\/wp-content\/uploads\/2024\/04\/MICHEL-MEYER_Im-Halbdunkel_2021_Oel-auf-LW_110x100cm.jpg\" data-rel=\"lightbox-gallery-0\" data-rl_title=\"MICHEL MEYER\" data-rl_caption=\"Im Halbdunkel_2021_O\u0308l auf LW_110x100cm\" title=\"MICHEL MEYER\"><img loading=\"lazy\" decoding=\"async\" width=\"248\" height=\"276\" data-id=\"13633\" src=\"https:\/\/www.galerie-schmalfuss.de\/wp-content\/uploads\/2024\/04\/MICHEL-MEYER_Im-Halbdunkel_2021_Oel-auf-LW_110x100cm.jpg\" alt=\"\" class=\"wp-image-13633\" title=\"\"><\/a><figcaption class=\"wp-element-caption\">Im Halbdunkel_2021_O\u0308l auf LW_110x100cm<\/figcaption><\/figure>\n\n\n\n<figure class=\"wp-block-image size-large\"><a  href=\"https:\/\/www.galerie-schmalfuss.de\/wp-content\/uploads\/2024\/04\/MICHEL-MEYER_Ich-hab-zwei-Hunde-laufen_2012_Oel-auf-LW_100x80cm.jpg\" data-rel=\"lightbox-gallery-0\" data-rl_title=\"MICHEL MEYER\" data-rl_caption=\"Ich hab&#039; zwei Hunde laufen_2012_O\u0308l auf LW_100x80cm\" title=\"MICHEL MEYER\"><img loading=\"lazy\" decoding=\"async\" width=\"195\" height=\"243\" data-id=\"13632\" src=\"https:\/\/www.galerie-schmalfuss.de\/wp-content\/uploads\/2024\/04\/MICHEL-MEYER_Ich-hab-zwei-Hunde-laufen_2012_Oel-auf-LW_100x80cm.jpg\" alt=\"\" class=\"wp-image-13632\" title=\"\"><\/a><figcaption class=\"wp-element-caption\">Ich hab&#8216; zwei Hunde laufen_2012_O\u0308l auf LW_100x80cm<\/figcaption><\/figure>\n\n\n\n<figure class=\"wp-block-image size-large\"><a  href=\"https:\/\/www.galerie-schmalfuss.de\/wp-content\/uploads\/2024\/04\/MICHEL-MEYER_Hund-auf-Boot_2022_Oel-auf-LW_60x50cm.jpg\" data-rel=\"lightbox-gallery-0\" data-rl_title=\"MICHEL MEYER\" data-rl_caption=\"Hund auf Boot_2022_O\u0308l auf LW_60x50cm\" title=\"MICHEL MEYER\"><img loading=\"lazy\" decoding=\"async\" width=\"144\" height=\"163\" data-id=\"13631\" src=\"https:\/\/www.galerie-schmalfuss.de\/wp-content\/uploads\/2024\/04\/MICHEL-MEYER_Hund-auf-Boot_2022_Oel-auf-LW_60x50cm.jpg\" alt=\"\" class=\"wp-image-13631\" title=\"\"><\/a><figcaption class=\"wp-element-caption\">Hund auf Boot_2022_O\u0308l auf LW_60x50cm<\/figcaption><\/figure>\n\n\n\n<figure class=\"wp-block-image size-large\"><a  href=\"https:\/\/www.galerie-schmalfuss.de\/wp-content\/uploads\/2024\/04\/MICHEL-MEYER_Herrn-Anderntags-gestriges-Verlangen_2021_Oel-auf-LW_100x80cm.jpg\" data-rel=\"lightbox-gallery-0\" data-rl_title=\"MICHEL MEYER\" data-rl_caption=\"Herrn Anderntags gestriges Verlangen_2021_O\u0308l auf LW_100x80cm\" title=\"MICHEL MEYER\"><img loading=\"lazy\" decoding=\"async\" width=\"195\" height=\"246\" data-id=\"13630\" src=\"https:\/\/www.galerie-schmalfuss.de\/wp-content\/uploads\/2024\/04\/MICHEL-MEYER_Herrn-Anderntags-gestriges-Verlangen_2021_Oel-auf-LW_100x80cm.jpg\" alt=\"\" class=\"wp-image-13630\" title=\"\"><\/a><figcaption class=\"wp-element-caption\">Herrn Anderntags gestriges Verlangen_2021_O\u0308l auf LW_100x80cm<\/figcaption><\/figure>\n\n\n\n<figure class=\"wp-block-image size-large\"><a  href=\"https:\/\/www.galerie-schmalfuss.de\/wp-content\/uploads\/2024\/04\/MICHEL-MEYER_Gewinner_2014_Oel-auf-LW_70x80cm.jpg\" data-rel=\"lightbox-gallery-0\" data-rl_title=\"MICHEL MEYER\" data-rl_caption=\"Gewinner_2014_O\u0308l auf LW_70x80cm\" title=\"MICHEL MEYER\"><img loading=\"lazy\" decoding=\"async\" width=\"195\" height=\"173\" data-id=\"13629\" src=\"https:\/\/www.galerie-schmalfuss.de\/wp-content\/uploads\/2024\/04\/MICHEL-MEYER_Gewinner_2014_Oel-auf-LW_70x80cm.jpg\" alt=\"\" class=\"wp-image-13629\" title=\"\"><\/a><figcaption class=\"wp-element-caption\">Gewinner_2014_O\u0308l auf LW_70x80cm<\/figcaption><\/figure>\n\n\n\n<figure class=\"wp-block-image size-large\"><a  href=\"https:\/\/www.galerie-schmalfuss.de\/wp-content\/uploads\/2024\/04\/MICHEL-MEYER_Eine-Art-Traum_2023_Oel-auf-LW_80x100cm.jpg\" data-rel=\"lightbox-gallery-0\" data-rl_title=\"MICHEL MEYER\" data-rl_caption=\"Eine Art Traum_2023_O\u0308l auf LW_80x100cm\" title=\"MICHEL MEYER\"><img loading=\"lazy\" decoding=\"async\" width=\"248\" height=\"196\" data-id=\"13628\" src=\"https:\/\/www.galerie-schmalfuss.de\/wp-content\/uploads\/2024\/04\/MICHEL-MEYER_Eine-Art-Traum_2023_Oel-auf-LW_80x100cm.jpg\" alt=\"\" class=\"wp-image-13628\" title=\"\"><\/a><figcaption class=\"wp-element-caption\">Eine Art Traum_2023_O\u0308l auf LW_80x100cm<\/figcaption><\/figure>\n\n\n\n<figure class=\"wp-block-image size-large\"><a  href=\"https:\/\/www.galerie-schmalfuss.de\/wp-content\/uploads\/2024\/04\/MICHEL-MEYER_Die-Mutter-mit-den-Kindern-und-dem-Spielzeug_2023_Oel-auf-LW_80x70cm.jpg\" data-rel=\"lightbox-gallery-0\" data-rl_title=\"MICHEL MEYER\" data-rl_caption=\"Die Mutter mit den Kindern und dem Spielzeug_2023_O\u0308l auf LW_80x70cm\" title=\"MICHEL MEYER\"><img loading=\"lazy\" decoding=\"async\" width=\"169\" height=\"194\" data-id=\"13627\" src=\"https:\/\/www.galerie-schmalfuss.de\/wp-content\/uploads\/2024\/04\/MICHEL-MEYER_Die-Mutter-mit-den-Kindern-und-dem-Spielzeug_2023_Oel-auf-LW_80x70cm.jpg\" alt=\"\" class=\"wp-image-13627\" title=\"\"><\/a><figcaption class=\"wp-element-caption\">Die Mutter mit den Kindern und dem Spielzeug_2023_O\u0308l auf LW_80x70cm<\/figcaption><\/figure>\n\n\n\n<figure class=\"wp-block-image size-large\"><a  href=\"https:\/\/www.galerie-schmalfuss.de\/wp-content\/uploads\/2024\/04\/MICHEL-MEYER_Die-kleinen-Strolche_2016_Acryl-auf-LW_100x80cm.jpg\" data-rel=\"lightbox-gallery-0\" data-rl_title=\"MICHEL MEYER\" data-rl_caption=\"Die kleinen Strolche_2016_Acryl auf LW_100x80cm\" title=\"MICHEL MEYER\"><img loading=\"lazy\" decoding=\"async\" width=\"195\" height=\"244\" data-id=\"13626\" src=\"https:\/\/www.galerie-schmalfuss.de\/wp-content\/uploads\/2024\/04\/MICHEL-MEYER_Die-kleinen-Strolche_2016_Acryl-auf-LW_100x80cm.jpg\" alt=\"\" class=\"wp-image-13626\" title=\"\"><\/a><figcaption class=\"wp-element-caption\">Die kleinen Strolche_2016_Acryl auf LW_100x80cm<\/figcaption><\/figure>\n\n\n\n<figure class=\"wp-block-image size-large\"><a  href=\"https:\/\/www.galerie-schmalfuss.de\/wp-content\/uploads\/2024\/04\/MICHEL-MEYER_Die-Grosse-Kurve_2020_Acryl-auf-LW_100x100cm.jpeg\" data-rel=\"lightbox-gallery-0\" data-rl_title=\"MICHEL MEYER\" data-rl_caption=\"Die Gro\u00dfe Kurve_2020_Acryl auf LW_100x100cm\" title=\"MICHEL MEYER\"><img loading=\"lazy\" decoding=\"async\" width=\"487\" height=\"480\" data-id=\"13625\" src=\"https:\/\/www.galerie-schmalfuss.de\/wp-content\/uploads\/2024\/04\/MICHEL-MEYER_Die-Grosse-Kurve_2020_Acryl-auf-LW_100x100cm.jpeg\" alt=\"\" class=\"wp-image-13625\" title=\"\" srcset=\"https:\/\/www.galerie-schmalfuss.de\/wp-content\/uploads\/2024\/04\/MICHEL-MEYER_Die-Grosse-Kurve_2020_Acryl-auf-LW_100x100cm.jpeg 487w, https:\/\/www.galerie-schmalfuss.de\/wp-content\/uploads\/2024\/04\/MICHEL-MEYER_Die-Grosse-Kurve_2020_Acryl-auf-LW_100x100cm-300x296.jpeg 300w\" sizes=\"(max-width: 487px) 100vw, 487px\" \/><\/a><figcaption class=\"wp-element-caption\">Die Gro\u00dfe Kurve_2020_Acryl auf LW_100x100cm<\/figcaption><\/figure>\n\n\n\n<figure class=\"wp-block-image size-large\"><a  href=\"https:\/\/www.galerie-schmalfuss.de\/wp-content\/uploads\/2024\/04\/MICHEL-MEYER_Das-weiss-der-Kuckuck_2021_Oel-auf-LW_70x80cm.jpg\" data-rel=\"lightbox-gallery-0\" data-rl_title=\"MICHEL MEYER\" data-rl_caption=\"Das wei\u00df der Kuckuck_2021_O\u0308l auf LW_70x80cm\" title=\"MICHEL MEYER\"><img loading=\"lazy\" decoding=\"async\" width=\"195\" height=\"169\" data-id=\"13624\" src=\"https:\/\/www.galerie-schmalfuss.de\/wp-content\/uploads\/2024\/04\/MICHEL-MEYER_Das-weiss-der-Kuckuck_2021_Oel-auf-LW_70x80cm.jpg\" alt=\"\" class=\"wp-image-13624\" title=\"\"><\/a><figcaption class=\"wp-element-caption\">Das wei\u00df der Kuckuck_2021_O\u0308l auf LW_70x80cm<\/figcaption><\/figure>\n\n\n\n<figure class=\"wp-block-image size-large\"><a  href=\"https:\/\/www.galerie-schmalfuss.de\/wp-content\/uploads\/2024\/04\/MICHEL-MEYER_Beste-Worte_2019_Acryl-auf-LW_100x100cm.jpg\" data-rel=\"lightbox-gallery-0\" data-rl_title=\"MICHEL MEYER\" data-rl_caption=\"Beste Worte_2019_Acryl auf LW_100x100cm\" title=\"MICHEL MEYER\"><img loading=\"lazy\" decoding=\"async\" width=\"252\" height=\"250\" data-id=\"13623\" src=\"https:\/\/www.galerie-schmalfuss.de\/wp-content\/uploads\/2024\/04\/MICHEL-MEYER_Beste-Worte_2019_Acryl-auf-LW_100x100cm.jpg\" alt=\"\" class=\"wp-image-13623\" title=\"\" srcset=\"https:\/\/www.galerie-schmalfuss.de\/wp-content\/uploads\/2024\/04\/MICHEL-MEYER_Beste-Worte_2019_Acryl-auf-LW_100x100cm.jpg 252w, https:\/\/www.galerie-schmalfuss.de\/wp-content\/uploads\/2024\/04\/MICHEL-MEYER_Beste-Worte_2019_Acryl-auf-LW_100x100cm-150x150.jpg 150w\" sizes=\"(max-width: 252px) 100vw, 252px\" \/><\/a><figcaption class=\"wp-element-caption\">Beste Worte_2019_Acryl auf LW_100x100cm<\/figcaption><\/figure>\n\n\n\n<figure class=\"wp-block-image size-large\"><a  href=\"https:\/\/www.galerie-schmalfuss.de\/wp-content\/uploads\/2024\/04\/MICHEL-MEYER_Beiboot_2023_Oel-auf-LW_80x130-cm.jpeg\" data-rel=\"lightbox-gallery-0\" data-rl_title=\"MICHEL MEYER\" data-rl_caption=\"Beiboot_2023_O\u0308l auf LW_80x130 cm\" title=\"MICHEL MEYER\"><img loading=\"lazy\" decoding=\"async\" width=\"640\" height=\"389\" data-id=\"13622\" src=\"https:\/\/www.galerie-schmalfuss.de\/wp-content\/uploads\/2024\/04\/MICHEL-MEYER_Beiboot_2023_Oel-auf-LW_80x130-cm.jpeg\" alt=\"\" class=\"wp-image-13622\" title=\"\" srcset=\"https:\/\/www.galerie-schmalfuss.de\/wp-content\/uploads\/2024\/04\/MICHEL-MEYER_Beiboot_2023_Oel-auf-LW_80x130-cm.jpeg 640w, https:\/\/www.galerie-schmalfuss.de\/wp-content\/uploads\/2024\/04\/MICHEL-MEYER_Beiboot_2023_Oel-auf-LW_80x130-cm-300x182.jpeg 300w\" sizes=\"(max-width: 640px) 100vw, 640px\" \/><\/a><figcaption class=\"wp-element-caption\">Beiboot_2023_O\u0308l auf LW_80x130 cm<\/figcaption><\/figure>\n<\/figure>\n\n\n\n<p><\/p>\n\n\n\n<h2 class=\"wp-block-heading\">HANS SCHEIB<\/h2>\n\n\n\n<p><\/p>\n\n\n<div class=\"n2-section-smartslider fitvidsignore \" data-ssid=\"17\" tabindex=\"0\" role=\"region\" aria-label=\"Slider\"><div id=\"n2-ss-17-align\" class=\"n2-ss-align\"><div class=\"n2-padding\"><div id=\"n2-ss-17\" data-creator=\"Smart Slider 3\" data-responsive=\"auto\" class=\"n2-ss-slider n2-ow n2-has-hover n2notransition  \">\n\n\n\n\n\n\n\n\n\n\n\n\n\n\n\n\n\n\n\n\n\n\n\n<div class=\"n2-ss-slider-wrapper-outside\" style=\"grid-template-rows:1fr auto\"><div class=\"n2-ss-slider-wrapper-inside\">\n        <div class=\"n2-ss-slider-1 n2_ss__touch_element n2-ow\">\n            <div class=\"n2-ss-slider-2 n2-ow\">\n                                                <div class=\"n2-ss-slider-3 n2-ow\">\n\n                    <div class=\"n2-ss-slide-backgrounds n2-ow-all\"><div class=\"n2-ss-slide-background\" data-public-id=\"1\" data-mode=\"fit\"><div class=\"n2-ss-slide-background-image\" data-blur=\"0\" data-opacity=\"100\" data-x=\"50\" data-y=\"50\" data-alt=\"\" data-title=\"\"><picture class=\"skip-lazy\" data-skip-lazy=\"1\"><img decoding=\"async\" src=\"\/\/www.galerie-schmalfuss.de\/wp-content\/uploads\/2025\/07\/Hans-Scheib-Mitte-Christine-2010-HolzFarbe-63-x-180-x-60-cm.jpg\" alt=\"\" title=\"\" loading=\"lazy\" class=\"skip-lazy\" data-skip-lazy=\"1\"><\/picture><\/div><div data-color=\"RGBA(255,255,255,0)\" style=\"background-color: RGBA(255,255,255,0);\" class=\"n2-ss-slide-background-color\"><\/div><\/div><div class=\"n2-ss-slide-background\" data-public-id=\"2\" data-mode=\"fit\" aria-hidden=\"true\"><div class=\"n2-ss-slide-background-image\" data-blur=\"0\" data-opacity=\"100\" data-x=\"50\" data-y=\"50\" data-alt=\"\" data-title=\"\"><picture class=\"skip-lazy\" data-skip-lazy=\"1\"><img decoding=\"async\" src=\"\/\/www.galerie-schmalfuss.de\/wp-content\/uploads\/2025\/07\/Hans-Scheib-Dame-mit-Tuch-1998-HolzFarbe-185-x-38-x-30-cm2.jpg\" alt=\"\" title=\"\" loading=\"lazy\" class=\"skip-lazy\" data-skip-lazy=\"1\"><\/picture><\/div><div data-color=\"RGBA(255,255,255,0)\" style=\"background-color: RGBA(255,255,255,0);\" class=\"n2-ss-slide-background-color\"><\/div><\/div><div class=\"n2-ss-slide-background\" data-public-id=\"3\" data-mode=\"fit\" aria-hidden=\"true\"><div class=\"n2-ss-slide-background-image\" data-blur=\"0\" data-opacity=\"100\" data-x=\"50\" data-y=\"50\" data-alt=\"\" data-title=\"\"><picture class=\"skip-lazy\" data-skip-lazy=\"1\"><img decoding=\"async\" src=\"\/\/www.galerie-schmalfuss.de\/wp-content\/uploads\/2025\/07\/Hans-Scheib-Kuenstlerin-2010-HolzFarbe-167-x-37-x-26-cm.jpg\" alt=\"\" title=\"\" loading=\"lazy\" class=\"skip-lazy\" data-skip-lazy=\"1\"><\/picture><\/div><div data-color=\"RGBA(255,255,255,0)\" style=\"background-color: RGBA(255,255,255,0);\" class=\"n2-ss-slide-background-color\"><\/div><\/div><div class=\"n2-ss-slide-background\" data-public-id=\"4\" data-mode=\"fit\" aria-hidden=\"true\"><div class=\"n2-ss-slide-background-image\" data-blur=\"0\" data-opacity=\"100\" data-x=\"50\" data-y=\"50\" data-alt=\"\" data-title=\"\"><picture class=\"skip-lazy\" data-skip-lazy=\"1\"><img decoding=\"async\" src=\"\/\/www.galerie-schmalfuss.de\/wp-content\/uploads\/2025\/07\/Hans-Scheib-Kleine-Mingrelin-2009-HolzFarbe-174-x-20-x-22-cm.jpg\" alt=\"\" title=\"\" loading=\"lazy\" class=\"skip-lazy\" data-skip-lazy=\"1\"><\/picture><\/div><div data-color=\"RGBA(255,255,255,0)\" style=\"background-color: RGBA(255,255,255,0);\" class=\"n2-ss-slide-background-color\"><\/div><\/div><div class=\"n2-ss-slide-background\" data-public-id=\"5\" data-mode=\"fit\" aria-hidden=\"true\"><div class=\"n2-ss-slide-background-image\" data-blur=\"0\" data-opacity=\"100\" data-x=\"50\" data-y=\"50\" data-alt=\"\" data-title=\"\"><picture class=\"skip-lazy\" data-skip-lazy=\"1\"><img decoding=\"async\" src=\"\/\/www.galerie-schmalfuss.de\/wp-content\/uploads\/2025\/07\/Hans-Scheib-Goettin-mit-Granataepfeln-2005-Bronze-176x74x52cm.jpg\" alt=\"\" title=\"\" loading=\"lazy\" class=\"skip-lazy\" data-skip-lazy=\"1\"><\/picture><\/div><div data-color=\"RGBA(255,255,255,0)\" style=\"background-color: RGBA(255,255,255,0);\" class=\"n2-ss-slide-background-color\"><\/div><\/div><div class=\"n2-ss-slide-background\" data-public-id=\"6\" data-mode=\"fit\" aria-hidden=\"true\"><div class=\"n2-ss-slide-background-image\" data-blur=\"0\" data-opacity=\"100\" data-x=\"50\" data-y=\"50\" data-alt=\"\" data-title=\"\"><picture class=\"skip-lazy\" data-skip-lazy=\"1\"><img decoding=\"async\" src=\"\/\/www.galerie-schmalfuss.de\/wp-content\/uploads\/2025\/07\/Hans-Scheib-Blue-Bells-2020-HolzFarbe-159-x-40-x-30cm.jpg\" alt=\"\" title=\"\" loading=\"lazy\" class=\"skip-lazy\" data-skip-lazy=\"1\"><\/picture><\/div><div data-color=\"RGBA(255,255,255,0)\" style=\"background-color: RGBA(255,255,255,0);\" class=\"n2-ss-slide-background-color\"><\/div><\/div><div class=\"n2-ss-slide-background\" data-public-id=\"7\" data-mode=\"fit\" aria-hidden=\"true\"><div class=\"n2-ss-slide-background-image\" data-blur=\"0\" data-opacity=\"100\" data-x=\"50\" data-y=\"50\" data-alt=\"\" data-title=\"\"><picture class=\"skip-lazy\" data-skip-lazy=\"1\"><img decoding=\"async\" src=\"\/\/www.galerie-schmalfuss.de\/wp-content\/uploads\/2014\/01\/\u00c4ffchen1.jpg\" alt=\"\" title=\"\" loading=\"lazy\" class=\"skip-lazy\" data-skip-lazy=\"1\"><\/picture><\/div><div data-color=\"RGBA(255,255,255,0)\" style=\"background-color: RGBA(255,255,255,0);\" class=\"n2-ss-slide-background-color\"><\/div><\/div><div class=\"n2-ss-slide-background\" data-public-id=\"8\" data-mode=\"fit\" aria-hidden=\"true\"><div class=\"n2-ss-slide-background-image\" data-blur=\"0\" data-opacity=\"100\" data-x=\"50\" data-y=\"50\" data-alt=\"\" data-title=\"\"><picture class=\"skip-lazy\" data-skip-lazy=\"1\"><img decoding=\"async\" src=\"\/\/www.galerie-schmalfuss.de\/wp-content\/uploads\/2025\/07\/Hans-Scheib-Mann-mit-Stock-Aethiopien-2016-Bronze-61-x-42-x-10-cm.jpg\" alt=\"\" title=\"\" loading=\"lazy\" class=\"skip-lazy\" data-skip-lazy=\"1\"><\/picture><\/div><div data-color=\"RGBA(255,255,255,0)\" style=\"background-color: RGBA(255,255,255,0);\" class=\"n2-ss-slide-background-color\"><\/div><\/div><div class=\"n2-ss-slide-background\" data-public-id=\"9\" data-mode=\"fit\" aria-hidden=\"true\"><div class=\"n2-ss-slide-background-image\" data-blur=\"0\" data-opacity=\"100\" data-x=\"50\" data-y=\"50\" data-alt=\"\" data-title=\"\"><picture class=\"skip-lazy\" data-skip-lazy=\"1\"><img decoding=\"async\" src=\"\/\/www.galerie-schmalfuss.de\/wp-content\/uploads\/2025\/07\/Hans-Scheib-Zeichnung-auf-Papier-80-x-60-cm.jpg\" alt=\"\" title=\"\" loading=\"lazy\" class=\"skip-lazy\" data-skip-lazy=\"1\"><\/picture><\/div><div data-color=\"RGBA(255,255,255,0)\" style=\"background-color: RGBA(255,255,255,0);\" class=\"n2-ss-slide-background-color\"><\/div><\/div><div class=\"n2-ss-slide-background\" data-public-id=\"10\" data-mode=\"fit\" aria-hidden=\"true\"><div class=\"n2-ss-slide-background-image\" data-blur=\"0\" data-opacity=\"100\" data-x=\"50\" data-y=\"50\" data-alt=\"\" data-title=\"\"><picture class=\"skip-lazy\" data-skip-lazy=\"1\"><img decoding=\"async\" src=\"\/\/www.galerie-schmalfuss.de\/wp-content\/uploads\/2024\/07\/HANS-SCHEI_Ateliereinblick_2024.jpg\" alt=\"\" title=\"\" loading=\"lazy\" class=\"skip-lazy\" data-skip-lazy=\"1\"><\/picture><\/div><div data-color=\"RGBA(255,255,255,0)\" style=\"background-color: RGBA(255,255,255,0);\" class=\"n2-ss-slide-background-color\"><\/div><\/div><div class=\"n2-ss-slide-background\" data-public-id=\"11\" data-mode=\"fit\" aria-hidden=\"true\"><div class=\"n2-ss-slide-background-image\" data-blur=\"0\" data-opacity=\"100\" data-x=\"50\" data-y=\"50\" data-alt=\"\" data-title=\"\"><picture class=\"skip-lazy\" data-skip-lazy=\"1\"><img decoding=\"async\" src=\"\/\/www.galerie-schmalfuss.de\/wp-content\/uploads\/2022\/02\/hans-scheib-kunst-berlin.jpg\" alt=\"\" title=\"\" loading=\"lazy\" class=\"skip-lazy\" data-skip-lazy=\"1\"><\/picture><\/div><div data-color=\"RGBA(255,255,255,0)\" style=\"background-color: RGBA(255,255,255,0);\" class=\"n2-ss-slide-background-color\"><\/div><\/div><div class=\"n2-ss-slide-background\" data-public-id=\"12\" data-mode=\"fit\" aria-hidden=\"true\"><div class=\"n2-ss-slide-background-image\" data-blur=\"0\" data-opacity=\"100\" data-x=\"50\" data-y=\"50\" data-alt=\"\" data-title=\"\"><picture class=\"skip-lazy\" data-skip-lazy=\"1\"><img decoding=\"async\" src=\"\/\/www.galerie-schmalfuss.de\/wp-content\/uploads\/2022\/02\/hans-scheib-tagtraum-2020-holz-farbe-160x126x33cm.jpg\" alt=\"\" title=\"\" loading=\"lazy\" class=\"skip-lazy\" data-skip-lazy=\"1\"><\/picture><\/div><div data-color=\"RGBA(255,255,255,0)\" style=\"background-color: RGBA(255,255,255,0);\" class=\"n2-ss-slide-background-color\"><\/div><\/div><div class=\"n2-ss-slide-background\" data-public-id=\"13\" data-mode=\"fit\" aria-hidden=\"true\"><div class=\"n2-ss-slide-background-image\" data-blur=\"0\" data-opacity=\"100\" data-x=\"50\" data-y=\"50\" data-alt=\"\" data-title=\"\"><picture class=\"skip-lazy\" data-skip-lazy=\"1\"><img decoding=\"async\" src=\"\/\/www.galerie-schmalfuss.de\/wp-content\/uploads\/2022\/02\/hans-scheib-sommersprossen-dame-mit-huendchen-2018-holz-farbe-87x20x20ccm.jpg\" alt=\"\" title=\"\" loading=\"lazy\" class=\"skip-lazy\" data-skip-lazy=\"1\"><\/picture><\/div><div data-color=\"RGBA(255,255,255,0)\" style=\"background-color: RGBA(255,255,255,0);\" class=\"n2-ss-slide-background-color\"><\/div><\/div><div class=\"n2-ss-slide-background\" data-public-id=\"14\" data-mode=\"fit\" aria-hidden=\"true\"><div class=\"n2-ss-slide-background-image\" data-blur=\"0\" data-opacity=\"100\" data-x=\"50\" data-y=\"50\" data-alt=\"\" data-title=\"\"><picture class=\"skip-lazy\" data-skip-lazy=\"1\"><img decoding=\"async\" src=\"\/\/www.galerie-schmalfuss.de\/wp-content\/uploads\/2022\/02\/hans-scheib-secret-cox-4-2020-holz-farbe-vergoldung-104x37x12cm-scaled.jpg\" alt=\"\" title=\"\" loading=\"lazy\" class=\"skip-lazy\" data-skip-lazy=\"1\"><\/picture><\/div><div data-color=\"RGBA(255,255,255,0)\" style=\"background-color: RGBA(255,255,255,0);\" class=\"n2-ss-slide-background-color\"><\/div><\/div><div class=\"n2-ss-slide-background\" data-public-id=\"15\" data-mode=\"fit\" aria-hidden=\"true\"><div class=\"n2-ss-slide-background-image\" data-blur=\"0\" data-opacity=\"100\" data-x=\"50\" data-y=\"50\" data-alt=\"\" data-title=\"\"><picture class=\"skip-lazy\" data-skip-lazy=\"1\"><img decoding=\"async\" src=\"\/\/www.galerie-schmalfuss.de\/wp-content\/uploads\/2022\/02\/hans-scheib-schoene-freundin-2020-bronze-179x60x39cm-scaled.jpg\" alt=\"\" title=\"\" loading=\"lazy\" class=\"skip-lazy\" data-skip-lazy=\"1\"><\/picture><\/div><div data-color=\"RGBA(255,255,255,0)\" style=\"background-color: RGBA(255,255,255,0);\" class=\"n2-ss-slide-background-color\"><\/div><\/div><div class=\"n2-ss-slide-background\" data-public-id=\"16\" data-mode=\"fit\" aria-hidden=\"true\"><div class=\"n2-ss-slide-background-image\" data-blur=\"0\" data-opacity=\"100\" data-x=\"50\" data-y=\"50\" data-alt=\"\" data-title=\"\"><picture class=\"skip-lazy\" data-skip-lazy=\"1\"><img decoding=\"async\" src=\"\/\/www.galerie-schmalfuss.de\/wp-content\/uploads\/2022\/02\/hans-scheib-rose-2021-bronze-farbig-gefasst-745x15x15cm.jpg\" alt=\"\" title=\"\" loading=\"lazy\" class=\"skip-lazy\" data-skip-lazy=\"1\"><\/picture><\/div><div data-color=\"RGBA(255,255,255,0)\" style=\"background-color: RGBA(255,255,255,0);\" class=\"n2-ss-slide-background-color\"><\/div><\/div><div class=\"n2-ss-slide-background\" data-public-id=\"17\" data-mode=\"fit\" aria-hidden=\"true\"><div class=\"n2-ss-slide-background-image\" data-blur=\"0\" data-opacity=\"100\" data-x=\"50\" data-y=\"50\" data-alt=\"\" data-title=\"\"><picture class=\"skip-lazy\" data-skip-lazy=\"1\"><img decoding=\"async\" src=\"\/\/www.galerie-schmalfuss.de\/wp-content\/uploads\/2022\/02\/hans-scheib-rendezvous-2019-holz-farbe-105x15x15cm.jpg\" alt=\"\" title=\"\" loading=\"lazy\" class=\"skip-lazy\" data-skip-lazy=\"1\"><\/picture><\/div><div data-color=\"RGBA(255,255,255,0)\" style=\"background-color: RGBA(255,255,255,0);\" class=\"n2-ss-slide-background-color\"><\/div><\/div><div class=\"n2-ss-slide-background\" data-public-id=\"18\" data-mode=\"fit\" aria-hidden=\"true\"><div class=\"n2-ss-slide-background-image\" data-blur=\"0\" data-opacity=\"100\" data-x=\"50\" data-y=\"50\" data-alt=\"\" data-title=\"\"><picture class=\"skip-lazy\" data-skip-lazy=\"1\"><img decoding=\"async\" src=\"\/\/www.galerie-schmalfuss.de\/wp-content\/uploads\/2022\/02\/hans-scheib-kunst-berlin-1.jpg\" alt=\"\" title=\"\" loading=\"lazy\" class=\"skip-lazy\" data-skip-lazy=\"1\"><\/picture><\/div><div data-color=\"RGBA(255,255,255,0)\" style=\"background-color: RGBA(255,255,255,0);\" class=\"n2-ss-slide-background-color\"><\/div><\/div><div class=\"n2-ss-slide-background\" data-public-id=\"19\" data-mode=\"fit\" aria-hidden=\"true\"><div class=\"n2-ss-slide-background-image\" data-blur=\"0\" data-opacity=\"100\" data-x=\"50\" data-y=\"50\" data-alt=\"\" data-title=\"\"><picture class=\"skip-lazy\" data-skip-lazy=\"1\"><img decoding=\"async\" src=\"\/\/www.galerie-schmalfuss.de\/wp-content\/uploads\/2022\/02\/hans-scheib-liebchen-2020-holz-farbe-30x765x37cm.jpg\" alt=\"\" title=\"\" loading=\"lazy\" class=\"skip-lazy\" data-skip-lazy=\"1\"><\/picture><\/div><div data-color=\"RGBA(255,255,255,0)\" style=\"background-color: RGBA(255,255,255,0);\" class=\"n2-ss-slide-background-color\"><\/div><\/div><div class=\"n2-ss-slide-background\" data-public-id=\"20\" data-mode=\"fit\" aria-hidden=\"true\"><div class=\"n2-ss-slide-background-image\" data-blur=\"0\" data-opacity=\"100\" data-x=\"50\" data-y=\"50\" data-alt=\"\" data-title=\"\"><picture class=\"skip-lazy\" data-skip-lazy=\"1\"><img decoding=\"async\" src=\"\/\/www.galerie-schmalfuss.de\/wp-content\/uploads\/2022\/02\/hans-scheib-kati-2021-holz-farbe-72x15x11cm.jpg\" alt=\"\" title=\"\" loading=\"lazy\" class=\"skip-lazy\" data-skip-lazy=\"1\"><\/picture><\/div><div data-color=\"RGBA(255,255,255,0)\" style=\"background-color: RGBA(255,255,255,0);\" class=\"n2-ss-slide-background-color\"><\/div><\/div><div class=\"n2-ss-slide-background\" data-public-id=\"21\" data-mode=\"fit\" aria-hidden=\"true\"><div class=\"n2-ss-slide-background-image\" data-blur=\"0\" data-opacity=\"100\" data-x=\"50\" data-y=\"50\" data-alt=\"\" data-title=\"\"><picture class=\"skip-lazy\" data-skip-lazy=\"1\"><img decoding=\"async\" src=\"\/\/www.galerie-schmalfuss.de\/wp-content\/uploads\/2022\/02\/hans-scheib-iris-2020-holz-farbe-101x18x25cm.jpg\" alt=\"\" title=\"\" loading=\"lazy\" class=\"skip-lazy\" data-skip-lazy=\"1\"><\/picture><\/div><div data-color=\"RGBA(255,255,255,0)\" style=\"background-color: RGBA(255,255,255,0);\" class=\"n2-ss-slide-background-color\"><\/div><\/div><div class=\"n2-ss-slide-background\" data-public-id=\"22\" data-mode=\"fit\" aria-hidden=\"true\"><div class=\"n2-ss-slide-background-image\" data-blur=\"0\" data-opacity=\"100\" data-x=\"50\" data-y=\"50\" data-alt=\"\" data-title=\"\"><picture class=\"skip-lazy\" data-skip-lazy=\"1\"><img decoding=\"async\" src=\"\/\/www.galerie-schmalfuss.de\/wp-content\/uploads\/2022\/02\/hans-scheib-irina-cox-5-2020-holz-farbe-vergoldung-120x40x12cm-scaled.jpg\" alt=\"\" title=\"\" loading=\"lazy\" class=\"skip-lazy\" data-skip-lazy=\"1\"><\/picture><\/div><div data-color=\"RGBA(255,255,255,0)\" style=\"background-color: RGBA(255,255,255,0);\" class=\"n2-ss-slide-background-color\"><\/div><\/div><div class=\"n2-ss-slide-background\" data-public-id=\"23\" data-mode=\"fit\" aria-hidden=\"true\"><div class=\"n2-ss-slide-background-image\" data-blur=\"0\" data-opacity=\"100\" data-x=\"50\" data-y=\"50\" data-alt=\"\" data-title=\"\"><picture class=\"skip-lazy\" data-skip-lazy=\"1\"><img decoding=\"async\" src=\"\/\/www.galerie-schmalfuss.de\/wp-content\/uploads\/2022\/02\/hans-scheib-ina-2021-holz-farbe-72x17x17cm.jpg\" alt=\"\" title=\"\" loading=\"lazy\" class=\"skip-lazy\" data-skip-lazy=\"1\"><\/picture><\/div><div data-color=\"RGBA(255,255,255,0)\" style=\"background-color: RGBA(255,255,255,0);\" class=\"n2-ss-slide-background-color\"><\/div><\/div><div class=\"n2-ss-slide-background\" data-public-id=\"24\" data-mode=\"fit\" aria-hidden=\"true\"><div class=\"n2-ss-slide-background-image\" data-blur=\"0\" data-opacity=\"100\" data-x=\"50\" data-y=\"50\" data-alt=\"\" data-title=\"\"><picture class=\"skip-lazy\" data-skip-lazy=\"1\"><img decoding=\"async\" src=\"\/\/www.galerie-schmalfuss.de\/wp-content\/uploads\/2022\/02\/hans-scheib-die-prinzessin-2022-bronze-farbig-gefasst-29x8x8cm.jpg\" alt=\"\" title=\"\" loading=\"lazy\" class=\"skip-lazy\" data-skip-lazy=\"1\"><\/picture><\/div><div data-color=\"RGBA(255,255,255,0)\" style=\"background-color: RGBA(255,255,255,0);\" class=\"n2-ss-slide-background-color\"><\/div><\/div><div class=\"n2-ss-slide-background\" data-public-id=\"25\" data-mode=\"fit\" aria-hidden=\"true\"><div class=\"n2-ss-slide-background-image\" data-blur=\"0\" data-opacity=\"100\" data-x=\"50\" data-y=\"50\" data-alt=\"\" data-title=\"\"><picture class=\"skip-lazy\" data-skip-lazy=\"1\"><img decoding=\"async\" src=\"\/\/www.galerie-schmalfuss.de\/wp-content\/uploads\/2022\/02\/hans-scheib-das-hasenmaedchen-2020-bronze-farbig-gefasst-98x19x27cm.jpg\" alt=\"\" title=\"\" loading=\"lazy\" class=\"skip-lazy\" data-skip-lazy=\"1\"><\/picture><\/div><div data-color=\"RGBA(255,255,255,0)\" style=\"background-color: RGBA(255,255,255,0);\" class=\"n2-ss-slide-background-color\"><\/div><\/div><div class=\"n2-ss-slide-background\" data-public-id=\"26\" data-mode=\"fit\" aria-hidden=\"true\"><div class=\"n2-ss-slide-background-image\" data-blur=\"0\" data-opacity=\"100\" data-x=\"50\" data-y=\"50\" data-alt=\"\" data-title=\"\"><picture class=\"skip-lazy\" data-skip-lazy=\"1\"><img decoding=\"async\" src=\"\/\/www.galerie-schmalfuss.de\/wp-content\/uploads\/2022\/02\/hans-scheib-cloudy-2020-bronze-farbig-gefasst-109x22x22cm-scaled.jpg\" alt=\"\" title=\"\" loading=\"lazy\" class=\"skip-lazy\" data-skip-lazy=\"1\"><\/picture><\/div><div data-color=\"RGBA(255,255,255,0)\" style=\"background-color: RGBA(255,255,255,0);\" class=\"n2-ss-slide-background-color\"><\/div><\/div><div class=\"n2-ss-slide-background\" data-public-id=\"27\" data-mode=\"fit\" aria-hidden=\"true\"><div class=\"n2-ss-slide-background-image\" data-blur=\"0\" data-opacity=\"100\" data-x=\"50\" data-y=\"50\" data-alt=\"\" data-title=\"\"><picture class=\"skip-lazy\" data-skip-lazy=\"1\"><img decoding=\"async\" src=\"\/\/www.galerie-schmalfuss.de\/wp-content\/uploads\/2022\/02\/hans-scheib-bubikopf-2020-holz-farbe-87x17x29cm.jpg\" alt=\"\" title=\"\" loading=\"lazy\" class=\"skip-lazy\" data-skip-lazy=\"1\"><\/picture><\/div><div data-color=\"RGBA(255,255,255,0)\" style=\"background-color: RGBA(255,255,255,0);\" class=\"n2-ss-slide-background-color\"><\/div><\/div><div class=\"n2-ss-slide-background\" data-public-id=\"28\" data-mode=\"fit\" aria-hidden=\"true\"><div class=\"n2-ss-slide-background-image\" data-blur=\"0\" data-opacity=\"100\" data-x=\"50\" data-y=\"50\" data-alt=\"\" data-title=\"\"><picture class=\"skip-lazy\" data-skip-lazy=\"1\"><img decoding=\"async\" src=\"\/\/www.galerie-schmalfuss.de\/wp-content\/uploads\/2014\/01\/Strau\u00df1.jpg\" alt=\"\" title=\"\" loading=\"lazy\" class=\"skip-lazy\" data-skip-lazy=\"1\"><\/picture><\/div><div data-color=\"RGBA(255,255,255,0)\" style=\"background-color: RGBA(255,255,255,0);\" class=\"n2-ss-slide-background-color\"><\/div><\/div><div class=\"n2-ss-slide-background\" data-public-id=\"29\" data-mode=\"fit\" aria-hidden=\"true\"><div class=\"n2-ss-slide-background-image\" data-blur=\"0\" data-opacity=\"100\" data-x=\"50\" data-y=\"50\" data-alt=\"\" data-title=\"\"><picture class=\"skip-lazy\" data-skip-lazy=\"1\"><img decoding=\"async\" src=\"\/\/www.galerie-schmalfuss.de\/wp-content\/uploads\/2014\/01\/Katze-gro\u00dfe-Augen21.jpg\" alt=\"\" title=\"\" loading=\"lazy\" class=\"skip-lazy\" data-skip-lazy=\"1\"><\/picture><\/div><div data-color=\"RGBA(255,255,255,0)\" style=\"background-color: RGBA(255,255,255,0);\" class=\"n2-ss-slide-background-color\"><\/div><\/div><div class=\"n2-ss-slide-background\" data-public-id=\"30\" data-mode=\"fit\" aria-hidden=\"true\"><div class=\"n2-ss-slide-background-image\" data-blur=\"0\" data-opacity=\"100\" data-x=\"50\" data-y=\"50\" data-alt=\"\" data-title=\"\"><picture class=\"skip-lazy\" data-skip-lazy=\"1\"><img decoding=\"async\" src=\"\/\/www.galerie-schmalfuss.de\/wp-content\/uploads\/2014\/01\/Giraffe1.jpg\" alt=\"\" title=\"\" loading=\"lazy\" class=\"skip-lazy\" data-skip-lazy=\"1\"><\/picture><\/div><div data-color=\"RGBA(255,255,255,0)\" style=\"background-color: RGBA(255,255,255,0);\" class=\"n2-ss-slide-background-color\"><\/div><\/div><div class=\"n2-ss-slide-background\" data-public-id=\"31\" data-mode=\"fit\" aria-hidden=\"true\"><div class=\"n2-ss-slide-background-image\" data-blur=\"0\" data-opacity=\"100\" data-x=\"50\" data-y=\"50\" data-alt=\"\" data-title=\"\"><picture class=\"skip-lazy\" data-skip-lazy=\"1\"><img decoding=\"async\" src=\"\/\/www.galerie-schmalfuss.de\/wp-content\/uploads\/2014\/01\/Frau-auf-Kissen1.jpg\" alt=\"\" title=\"\" loading=\"lazy\" class=\"skip-lazy\" data-skip-lazy=\"1\"><\/picture><\/div><div data-color=\"RGBA(255,255,255,0)\" style=\"background-color: RGBA(255,255,255,0);\" class=\"n2-ss-slide-background-color\"><\/div><\/div><div class=\"n2-ss-slide-background\" data-public-id=\"32\" data-mode=\"fit\" aria-hidden=\"true\"><div class=\"n2-ss-slide-background-image\" data-blur=\"0\" data-opacity=\"100\" data-x=\"50\" data-y=\"50\" data-alt=\"\" data-title=\"\"><picture class=\"skip-lazy\" data-skip-lazy=\"1\"><img decoding=\"async\" src=\"\/\/www.galerie-schmalfuss.de\/wp-content\/uploads\/2014\/01\/Fohlen1.jpg\" alt=\"\" title=\"\" loading=\"lazy\" class=\"skip-lazy\" data-skip-lazy=\"1\"><\/picture><\/div><div data-color=\"RGBA(255,255,255,0)\" style=\"background-color: RGBA(255,255,255,0);\" class=\"n2-ss-slide-background-color\"><\/div><\/div><div class=\"n2-ss-slide-background\" data-public-id=\"33\" data-mode=\"fit\" aria-hidden=\"true\"><div class=\"n2-ss-slide-background-image\" data-blur=\"0\" data-opacity=\"100\" data-x=\"50\" data-y=\"50\" data-alt=\"\" data-title=\"\"><picture class=\"skip-lazy\" data-skip-lazy=\"1\"><img decoding=\"async\" src=\"\/\/www.galerie-schmalfuss.de\/wp-content\/uploads\/2014\/01\/Erdm\u00e4nnchen1.jpg\" alt=\"\" title=\"\" loading=\"lazy\" class=\"skip-lazy\" data-skip-lazy=\"1\"><\/picture><\/div><div data-color=\"RGBA(255,255,255,0)\" style=\"background-color: RGBA(255,255,255,0);\" class=\"n2-ss-slide-background-color\"><\/div><\/div><div class=\"n2-ss-slide-background\" data-public-id=\"34\" data-mode=\"fit\" aria-hidden=\"true\"><div class=\"n2-ss-slide-background-image\" data-blur=\"0\" data-opacity=\"100\" data-x=\"50\" data-y=\"50\" data-alt=\"\" data-title=\"\"><picture class=\"skip-lazy\" data-skip-lazy=\"1\"><img decoding=\"async\" src=\"\/\/www.galerie-schmalfuss.de\/wp-content\/uploads\/2014\/01\/Elch1.jpg\" alt=\"\" title=\"\" loading=\"lazy\" class=\"skip-lazy\" data-skip-lazy=\"1\"><\/picture><\/div><div data-color=\"RGBA(255,255,255,0)\" style=\"background-color: RGBA(255,255,255,0);\" class=\"n2-ss-slide-background-color\"><\/div><\/div><\/div>                    <div class=\"n2-ss-slider-4 n2-ow\">\n                        <svg xmlns=\"http:\/\/www.w3.org\/2000\/svg\" viewBox=\"0 0 1200 800\" data-related-device=\"desktopPortrait\" class=\"n2-ow n2-ss-preserve-size n2-ss-preserve-size--slider n2-ss-slide-limiter\"><\/svg><div data-first=\"1\" data-slide-duration=\"0\" data-id=\"1967\" data-slide-public-id=\"1\" data-title=\"Hans Scheib (Mitte) Christine 2010 HolzFarbe 63 x 180 x 60 cm\" class=\"n2-ss-slide n2-ow  n2-ss-slide-1967\"><div role=\"note\" class=\"n2-ss-slide--focus\" tabindex=\"-1\">Hans Scheib (Mitte) Christine 2010 HolzFarbe 63 x 180 x 60 cm<\/div><div class=\"n2-ss-layers-container n2-ss-slide-limiter n2-ow\"><div class=\"n2-ss-layer n2-ow n-uc-a5hw397ZG3sk\" data-sstype=\"slide\" data-pm=\"default\"><\/div><\/div><\/div><div data-slide-duration=\"0\" data-id=\"1963\" data-slide-public-id=\"2\" aria-hidden=\"true\" data-title=\"Hans Scheib Dame mit Tuch 1998 HolzFarbe 185 x 38 x 30 cm2\" class=\"n2-ss-slide n2-ow  n2-ss-slide-1963\"><div role=\"note\" class=\"n2-ss-slide--focus\" tabindex=\"-1\">Hans Scheib Dame mit Tuch 1998 HolzFarbe 185 x 38 x 30 cm2<\/div><div class=\"n2-ss-layers-container n2-ss-slide-limiter n2-ow\"><div class=\"n2-ss-layer n2-ow n-uc-0Z9iobZZxnY2\" data-sstype=\"slide\" data-pm=\"default\"><\/div><\/div><\/div><div data-slide-duration=\"0\" data-id=\"1962\" data-slide-public-id=\"3\" aria-hidden=\"true\" data-title=\"Hans Scheib K\u00fcnstlerin 2010 HolzFarbe 167 x 37 x 26 cm\" class=\"n2-ss-slide n2-ow  n2-ss-slide-1962\"><div role=\"note\" class=\"n2-ss-slide--focus\" tabindex=\"-1\">Hans Scheib K\u00fcnstlerin 2010 HolzFarbe 167 x 37 x 26 cm<\/div><div class=\"n2-ss-layers-container n2-ss-slide-limiter n2-ow\"><div class=\"n2-ss-layer n2-ow n-uc-SnaMpEHDjawV\" data-sstype=\"slide\" data-pm=\"default\"><\/div><\/div><\/div><div data-slide-duration=\"0\" data-id=\"1964\" data-slide-public-id=\"4\" aria-hidden=\"true\" data-title=\"Hans Scheib Kleine Mingrelin 2009 HolzFarbe 174 x 20 x 22 cm\" class=\"n2-ss-slide n2-ow  n2-ss-slide-1964\"><div role=\"note\" class=\"n2-ss-slide--focus\" tabindex=\"-1\">Hans Scheib Kleine Mingrelin 2009 HolzFarbe 174 x 20 x 22 cm<\/div><div class=\"n2-ss-layers-container n2-ss-slide-limiter n2-ow\"><div class=\"n2-ss-layer n2-ow n-uc-o9fkw1esLkdJ\" data-sstype=\"slide\" data-pm=\"default\"><\/div><\/div><\/div><div data-slide-duration=\"0\" data-id=\"1965\" data-slide-public-id=\"5\" aria-hidden=\"true\" data-title=\"Hans Scheib G\u00f6ttin mit Granat\u00e4pfeln 2005 Bronze 176x74x52cm\" class=\"n2-ss-slide n2-ow  n2-ss-slide-1965\"><div role=\"note\" class=\"n2-ss-slide--focus\" tabindex=\"-1\">Hans Scheib G\u00f6ttin mit Granat\u00e4pfeln 2005 Bronze 176x74x52cm<\/div><div class=\"n2-ss-layers-container n2-ss-slide-limiter n2-ow\"><div class=\"n2-ss-layer n2-ow n-uc-v1x2oPaLQtRE\" data-sstype=\"slide\" data-pm=\"default\"><\/div><\/div><\/div><div data-slide-duration=\"0\" data-id=\"1966\" data-slide-public-id=\"6\" aria-hidden=\"true\" data-title=\"Hans Scheib Blue Bells 2020 HolzFarbe 159 x 40 x 30cm\" class=\"n2-ss-slide n2-ow  n2-ss-slide-1966\"><div role=\"note\" class=\"n2-ss-slide--focus\" tabindex=\"-1\">Hans Scheib Blue Bells 2020 HolzFarbe 159 x 40 x 30cm<\/div><div class=\"n2-ss-layers-container n2-ss-slide-limiter n2-ow\"><div class=\"n2-ss-layer n2-ow n-uc-CMpn3eCxHtzL\" data-sstype=\"slide\" data-pm=\"default\"><\/div><\/div><\/div><div data-slide-duration=\"0\" data-id=\"230\" data-slide-public-id=\"7\" aria-hidden=\"true\" data-title=\"\u00c3\u0084ffchen\" data-description=\"2008&lt;br&gt;Bronze&lt;br&gt; 7 x 8 x 7 cm\" class=\"n2-ss-slide n2-ow  n2-ss-slide-230\"><div role=\"note\" class=\"n2-ss-slide--focus\" tabindex=\"-1\">\u00c3\u0084ffchen<\/div><div class=\"n2-ss-layers-container n2-ss-slide-limiter n2-ow\"><div class=\"n2-ss-layer n2-ow n-uc-3rdQ1bP56kFF\" data-sstype=\"slide\" data-pm=\"default\"><\/div><\/div><\/div><div data-slide-duration=\"0\" data-id=\"1961\" data-slide-public-id=\"8\" aria-hidden=\"true\" data-title=\"Hans Scheib Mann mit Stock (\u00c4thiopien) 2016 Bronze 61 x 42 x 10 cm\" class=\"n2-ss-slide n2-ow  n2-ss-slide-1961\"><div role=\"note\" class=\"n2-ss-slide--focus\" tabindex=\"-1\">Hans Scheib Mann mit Stock (\u00c4thiopien) 2016 Bronze 61 x 42 x 10 cm<\/div><div class=\"n2-ss-layers-container n2-ss-slide-limiter n2-ow\"><div class=\"n2-ss-layer n2-ow n-uc-9B4CRzb1W3zl\" data-sstype=\"slide\" data-pm=\"default\"><\/div><\/div><\/div><div data-slide-duration=\"0\" data-id=\"1960\" data-slide-public-id=\"9\" aria-hidden=\"true\" data-title=\"Hans Scheib Zeichnung auf Papier 80 x 60 cm\" class=\"n2-ss-slide n2-ow  n2-ss-slide-1960\"><div role=\"note\" class=\"n2-ss-slide--focus\" tabindex=\"-1\">Hans Scheib Zeichnung auf Papier 80 x 60 cm<\/div><div class=\"n2-ss-layers-container n2-ss-slide-limiter n2-ow\"><div class=\"n2-ss-layer n2-ow n-uc-RGm2WOBNPaT6\" data-sstype=\"slide\" data-pm=\"default\"><\/div><\/div><\/div><div data-slide-duration=\"0\" data-id=\"1817\" data-slide-public-id=\"10\" aria-hidden=\"true\" data-title=\"HANS-SCHEIB\" data-description=\"HANS-SCHEI_Ateliereinblick_2024\" class=\"n2-ss-slide n2-ow  n2-ss-slide-1817\"><div role=\"note\" class=\"n2-ss-slide--focus\" tabindex=\"-1\">HANS-SCHEIB<\/div><div class=\"n2-ss-layers-container n2-ss-slide-limiter n2-ow\"><div class=\"n2-ss-layer n2-ow n-uc-Y75PBqKUBcwJ\" data-sstype=\"slide\" data-pm=\"default\"><\/div><\/div><\/div><div data-slide-duration=\"0\" data-id=\"1226\" data-slide-public-id=\"11\" aria-hidden=\"true\" data-title=\"HANS SCHEIB Chrysantheme, 2019  Eisen  88x13,5x13,5cm\" class=\"n2-ss-slide n2-ow  n2-ss-slide-1226\"><div role=\"note\" class=\"n2-ss-slide--focus\" tabindex=\"-1\">HANS SCHEIB Chrysantheme, 2019  Eisen  88&#215;13,5&#215;13,5cm<\/div><div class=\"n2-ss-layers-container n2-ss-slide-limiter n2-ow\"><div class=\"n2-ss-layer n2-ow n-uc-yc07AKc3b1X9\" data-sstype=\"slide\" data-pm=\"default\"><\/div><\/div><\/div><div data-slide-duration=\"0\" data-id=\"1209\" data-slide-public-id=\"12\" aria-hidden=\"true\" data-title=\"HANS SCHEIB Tagtraum, 2020  Holz, Farbe  160x126x33cm\" class=\"n2-ss-slide n2-ow  n2-ss-slide-1209\"><div role=\"note\" class=\"n2-ss-slide--focus\" tabindex=\"-1\">HANS SCHEIB Tagtraum, 2020  Holz, Farbe  160x126x33cm<\/div><div class=\"n2-ss-layers-container n2-ss-slide-limiter n2-ow\"><div class=\"n2-ss-layer n2-ow n-uc-g3A5lHVpeOKi\" data-sstype=\"slide\" data-pm=\"default\"><\/div><\/div><\/div><div data-slide-duration=\"0\" data-id=\"1210\" data-slide-public-id=\"13\" aria-hidden=\"true\" data-title=\"HANS SCHEIB Sommersprossen (Dame mit H\u00fcndchen), 2018  Holz, Farbe  87x20x20ccm\" class=\"n2-ss-slide n2-ow  n2-ss-slide-1210\"><div role=\"note\" class=\"n2-ss-slide--focus\" tabindex=\"-1\">HANS SCHEIB Sommersprossen (Dame mit H\u00fcndchen), 2018  Holz, Farbe  87x20x20ccm<\/div><div class=\"n2-ss-layers-container n2-ss-slide-limiter n2-ow\"><div class=\"n2-ss-layer n2-ow n-uc-orPzjTdpjm0M\" data-sstype=\"slide\" data-pm=\"default\"><\/div><\/div><\/div><div data-slide-duration=\"0\" data-id=\"1211\" data-slide-public-id=\"14\" aria-hidden=\"true\" data-title=\"HANS SCHEIB Secret (Cox 4), 2020  Holz, Farbe, Vergoldung  104x37x12cm\" class=\"n2-ss-slide n2-ow  n2-ss-slide-1211\"><div role=\"note\" class=\"n2-ss-slide--focus\" tabindex=\"-1\">HANS SCHEIB Secret (Cox 4), 2020  Holz, Farbe, Vergoldung  104x37x12cm<\/div><div class=\"n2-ss-layers-container n2-ss-slide-limiter n2-ow\"><div class=\"n2-ss-layer n2-ow n-uc-sk2E2jHdJ4FU\" data-sstype=\"slide\" data-pm=\"default\"><\/div><\/div><\/div><div data-slide-duration=\"0\" data-id=\"1212\" data-slide-public-id=\"15\" aria-hidden=\"true\" data-title=\"HANS SCHEIB Sch\u00f6ne Freundin, 2020  Bronze  179x60x39cm\" class=\"n2-ss-slide n2-ow  n2-ss-slide-1212\"><div role=\"note\" class=\"n2-ss-slide--focus\" tabindex=\"-1\">HANS SCHEIB Sch\u00f6ne Freundin, 2020  Bronze  179x60x39cm<\/div><div class=\"n2-ss-layers-container n2-ss-slide-limiter n2-ow\"><div class=\"n2-ss-layer n2-ow n-uc-uz9QzUBt9ZFr\" data-sstype=\"slide\" data-pm=\"default\"><\/div><\/div><\/div><div data-slide-duration=\"0\" data-id=\"1213\" data-slide-public-id=\"16\" aria-hidden=\"true\" data-title=\"HANS SCHEIB Rose, 2021  Bronze, farbig gefasst  74,5x15x15cm\" class=\"n2-ss-slide n2-ow  n2-ss-slide-1213\"><div role=\"note\" class=\"n2-ss-slide--focus\" tabindex=\"-1\">HANS SCHEIB Rose, 2021  Bronze, farbig gefasst  74,5x15x15cm<\/div><div class=\"n2-ss-layers-container n2-ss-slide-limiter n2-ow\"><div class=\"n2-ss-layer n2-ow n-uc-OTYtvpYcFQZt\" data-sstype=\"slide\" data-pm=\"default\"><\/div><\/div><\/div><div data-slide-duration=\"0\" data-id=\"1214\" data-slide-public-id=\"17\" aria-hidden=\"true\" data-title=\"HANS SCHEIB Rendezvous, 2019  Holz, Farbe  105x15x15cm\" class=\"n2-ss-slide n2-ow  n2-ss-slide-1214\"><div role=\"note\" class=\"n2-ss-slide--focus\" tabindex=\"-1\">HANS SCHEIB Rendezvous, 2019  Holz, Farbe  105x15x15cm<\/div><div class=\"n2-ss-layers-container n2-ss-slide-limiter n2-ow\"><div class=\"n2-ss-layer n2-ow n-uc-Tz0IwDa5FDed\" data-sstype=\"slide\" data-pm=\"default\"><\/div><\/div><\/div><div data-slide-duration=\"0\" data-id=\"1215\" data-slide-public-id=\"18\" aria-hidden=\"true\" data-title=\"HANS SCHEIB Primavera, 2019  Bronze, fabrig gefasst  166x19x27cm\" class=\"n2-ss-slide n2-ow  n2-ss-slide-1215\"><div role=\"note\" class=\"n2-ss-slide--focus\" tabindex=\"-1\">HANS SCHEIB Primavera, 2019  Bronze, fabrig gefasst  166x19x27cm<\/div><div class=\"n2-ss-layers-container n2-ss-slide-limiter n2-ow\"><div class=\"n2-ss-layer n2-ow n-uc-bJKkCWqnZ3QU\" data-sstype=\"slide\" data-pm=\"default\"><\/div><\/div><\/div><div data-slide-duration=\"0\" data-id=\"1216\" data-slide-public-id=\"19\" aria-hidden=\"true\" data-title=\"HANS SCHEIB Liebchen, 2020  Holz, Farbe  30x76,5x37cm\" class=\"n2-ss-slide n2-ow  n2-ss-slide-1216\"><div role=\"note\" class=\"n2-ss-slide--focus\" tabindex=\"-1\">HANS SCHEIB Liebchen, 2020  Holz, Farbe  30&#215;76,5x37cm<\/div><div class=\"n2-ss-layers-container n2-ss-slide-limiter n2-ow\"><div class=\"n2-ss-layer n2-ow n-uc-A5suZZsVdtcd\" data-sstype=\"slide\" data-pm=\"default\"><\/div><\/div><\/div><div data-slide-duration=\"0\" data-id=\"1217\" data-slide-public-id=\"20\" aria-hidden=\"true\" data-title=\"HANS SCHEIB Kati, 2021  Holz, Farbe  72x15x11cm\" class=\"n2-ss-slide n2-ow  n2-ss-slide-1217\"><div role=\"note\" class=\"n2-ss-slide--focus\" tabindex=\"-1\">HANS SCHEIB Kati, 2021  Holz, Farbe  72x15x11cm<\/div><div class=\"n2-ss-layers-container n2-ss-slide-limiter n2-ow\"><div class=\"n2-ss-layer n2-ow n-uc-brLZPfVL1rYq\" data-sstype=\"slide\" data-pm=\"default\"><\/div><\/div><\/div><div data-slide-duration=\"0\" data-id=\"1218\" data-slide-public-id=\"21\" aria-hidden=\"true\" data-title=\"HANS SCHEIB Iris, 2020  Holz, Farbe  101x18x25cm\" class=\"n2-ss-slide n2-ow  n2-ss-slide-1218\"><div role=\"note\" class=\"n2-ss-slide--focus\" tabindex=\"-1\">HANS SCHEIB Iris, 2020  Holz, Farbe  101x18x25cm<\/div><div class=\"n2-ss-layers-container n2-ss-slide-limiter n2-ow\"><div class=\"n2-ss-layer n2-ow n-uc-DQMpnGxX8uCf\" data-sstype=\"slide\" data-pm=\"default\"><\/div><\/div><\/div><div data-slide-duration=\"0\" data-id=\"1219\" data-slide-public-id=\"22\" aria-hidden=\"true\" data-title=\"HANS SCHEIB Irina (Cox 5), 2020 Holz, Farbe, Vergoldung  120x40x12cm\" class=\"n2-ss-slide n2-ow  n2-ss-slide-1219\"><div role=\"note\" class=\"n2-ss-slide--focus\" tabindex=\"-1\">HANS SCHEIB Irina (Cox 5), 2020 Holz, Farbe, Vergoldung  120x40x12cm<\/div><div class=\"n2-ss-layers-container n2-ss-slide-limiter n2-ow\"><div class=\"n2-ss-layer n2-ow n-uc-YNgIIztyNXZf\" data-sstype=\"slide\" data-pm=\"default\"><\/div><\/div><\/div><div data-slide-duration=\"0\" data-id=\"1220\" data-slide-public-id=\"23\" aria-hidden=\"true\" data-title=\"HANS SCHEIB Ina, 2021  Holz, Farbe  72x17x17cm\" class=\"n2-ss-slide n2-ow  n2-ss-slide-1220\"><div role=\"note\" class=\"n2-ss-slide--focus\" tabindex=\"-1\">HANS SCHEIB Ina, 2021  Holz, Farbe  72x17x17cm<\/div><div class=\"n2-ss-layers-container n2-ss-slide-limiter n2-ow\"><div class=\"n2-ss-layer n2-ow n-uc-8SQrx5BAGGJ0\" data-sstype=\"slide\" data-pm=\"default\"><\/div><\/div><\/div><div data-slide-duration=\"0\" data-id=\"1221\" data-slide-public-id=\"24\" aria-hidden=\"true\" data-title=\"HANS SCHEIB Die Prinzessin, 2022  Bronze, farbig gefasst  29x8x8cm\" class=\"n2-ss-slide n2-ow  n2-ss-slide-1221\"><div role=\"note\" class=\"n2-ss-slide--focus\" tabindex=\"-1\">HANS SCHEIB Die Prinzessin, 2022  Bronze, farbig gefasst  29x8x8cm<\/div><div class=\"n2-ss-layers-container n2-ss-slide-limiter n2-ow\"><div class=\"n2-ss-layer n2-ow n-uc-GBbMrtmvMAiF\" data-sstype=\"slide\" data-pm=\"default\"><\/div><\/div><\/div><div data-slide-duration=\"0\" data-id=\"1222\" data-slide-public-id=\"25\" aria-hidden=\"true\" data-title=\"HANS SCHEIB Das Hasenm\u00e4dchen, 2020  Bronze, farbig gefasst  98x19x27cm\" class=\"n2-ss-slide n2-ow  n2-ss-slide-1222\"><div role=\"note\" class=\"n2-ss-slide--focus\" tabindex=\"-1\">HANS SCHEIB Das Hasenm\u00e4dchen, 2020  Bronze, farbig gefasst  98x19x27cm<\/div><div class=\"n2-ss-layers-container n2-ss-slide-limiter n2-ow\"><div class=\"n2-ss-layer n2-ow n-uc-ZfUXmpwxDZmg\" data-sstype=\"slide\" data-pm=\"default\"><\/div><\/div><\/div><div data-slide-duration=\"0\" data-id=\"1223\" data-slide-public-id=\"26\" aria-hidden=\"true\" data-title=\"HANS SCHEIB Cloudy, 2020  Bronze, farbig gefasst  109x22x22cm\" class=\"n2-ss-slide n2-ow  n2-ss-slide-1223\"><div role=\"note\" class=\"n2-ss-slide--focus\" tabindex=\"-1\">HANS SCHEIB Cloudy, 2020  Bronze, farbig gefasst  109x22x22cm<\/div><div class=\"n2-ss-layers-container n2-ss-slide-limiter n2-ow\"><div class=\"n2-ss-layer n2-ow n-uc-ou7pZiQoKrFM\" data-sstype=\"slide\" data-pm=\"default\"><\/div><\/div><\/div><div data-slide-duration=\"0\" data-id=\"1225\" data-slide-public-id=\"27\" aria-hidden=\"true\" data-title=\"HANS SCHEIB Bubikopf, 2020  Holz, Farbe  87x17x29cm\" class=\"n2-ss-slide n2-ow  n2-ss-slide-1225\"><div role=\"note\" class=\"n2-ss-slide--focus\" tabindex=\"-1\">HANS SCHEIB Bubikopf, 2020  Holz, Farbe  87x17x29cm<\/div><div class=\"n2-ss-layers-container n2-ss-slide-limiter n2-ow\"><div class=\"n2-ss-layer n2-ow n-uc-53S7tEZ72aO3\" data-sstype=\"slide\" data-pm=\"default\"><\/div><\/div><\/div><div data-slide-duration=\"0\" data-id=\"223\" data-slide-public-id=\"28\" aria-hidden=\"true\" data-title=\"Strau\u00df\" data-description=\"2011&lt;br&gt;Bronze&lt;br&gt; 36 x 14 x 14,5 cm\n\" class=\"n2-ss-slide n2-ow  n2-ss-slide-223\"><div role=\"note\" class=\"n2-ss-slide--focus\" tabindex=\"-1\">Strau\u00df<\/div><div class=\"n2-ss-layers-container n2-ss-slide-limiter n2-ow\"><div class=\"n2-ss-layer n2-ow n-uc-H1NmgalQquh8\" data-sstype=\"slide\" data-pm=\"default\"><\/div><\/div><\/div><div data-slide-duration=\"0\" data-id=\"224\" data-slide-public-id=\"29\" aria-hidden=\"true\" data-title=\"K\u00e4tzchen\" data-description=\"2010&lt;br&gt;Bronze&lt;br&gt; 25 x 25 x 8 cm\" class=\"n2-ss-slide n2-ow  n2-ss-slide-224\"><div role=\"note\" class=\"n2-ss-slide--focus\" tabindex=\"-1\">K\u00e4tzchen<\/div><div class=\"n2-ss-layers-container n2-ss-slide-limiter n2-ow\"><div class=\"n2-ss-layer n2-ow n-uc-cz94BGFRBDuM\" data-sstype=\"slide\" data-pm=\"default\"><\/div><\/div><\/div><div data-slide-duration=\"0\" data-id=\"225\" data-slide-public-id=\"30\" aria-hidden=\"true\" data-title=\"Giraffe\" data-description=\"2010&lt;br&gt;Bronze&lt;br&gt; 60 x 27 x 30 cm\" class=\"n2-ss-slide n2-ow  n2-ss-slide-225\"><div role=\"note\" class=\"n2-ss-slide--focus\" tabindex=\"-1\">Giraffe<\/div><div class=\"n2-ss-layers-container n2-ss-slide-limiter n2-ow\"><div class=\"n2-ss-layer n2-ow n-uc-cgAM1j6LOlh3\" data-sstype=\"slide\" data-pm=\"default\"><\/div><\/div><\/div><div data-slide-duration=\"0\" data-id=\"226\" data-slide-public-id=\"31\" aria-hidden=\"true\" data-title=\"Das Bett\" data-description=\"2011&lt;br&gt;Bronze&lt;br&gt; 16 x 9 x 39 cm\" class=\"n2-ss-slide n2-ow  n2-ss-slide-226\"><div role=\"note\" class=\"n2-ss-slide--focus\" tabindex=\"-1\">Das Bett<\/div><div class=\"n2-ss-layers-container n2-ss-slide-limiter n2-ow\"><div class=\"n2-ss-layer n2-ow n-uc-hBE6WFedpGSX\" data-sstype=\"slide\" data-pm=\"default\"><\/div><\/div><\/div><div data-slide-duration=\"0\" data-id=\"227\" data-slide-public-id=\"32\" aria-hidden=\"true\" data-title=\"Fohlen\" data-description=\"2006&lt;br&gt;Bronze&lt;br&gt; 33 x 28 x 7 cm\" class=\"n2-ss-slide n2-ow  n2-ss-slide-227\"><div role=\"note\" class=\"n2-ss-slide--focus\" tabindex=\"-1\">Fohlen<\/div><div class=\"n2-ss-layers-container n2-ss-slide-limiter n2-ow\"><div class=\"n2-ss-layer n2-ow n-uc-TCKj8wR19TRq\" data-sstype=\"slide\" data-pm=\"default\"><\/div><\/div><\/div><div data-slide-duration=\"0\" data-id=\"228\" data-slide-public-id=\"33\" aria-hidden=\"true\" data-title=\"Erdm\u00e4nnchen\" data-description=\"2010&lt;br&gt;Bronze&lt;br&gt; 30 x 20 x 14 cm\" class=\"n2-ss-slide n2-ow  n2-ss-slide-228\"><div role=\"note\" class=\"n2-ss-slide--focus\" tabindex=\"-1\">Erdm\u00e4nnchen<\/div><div class=\"n2-ss-layers-container n2-ss-slide-limiter n2-ow\"><div class=\"n2-ss-layer n2-ow n-uc-1N8cEumKEPLa\" data-sstype=\"slide\" data-pm=\"default\"><\/div><\/div><\/div><div data-slide-duration=\"0\" data-id=\"229\" data-slide-public-id=\"34\" aria-hidden=\"true\" data-title=\"Elch\" data-description=\"2010&lt;br&gt;Bronze&lt;br&gt; 22 x 24 x 11 cm\" class=\"n2-ss-slide n2-ow  n2-ss-slide-229\"><div role=\"note\" class=\"n2-ss-slide--focus\" tabindex=\"-1\">Elch<\/div><div class=\"n2-ss-layers-container n2-ss-slide-limiter n2-ow\"><div class=\"n2-ss-layer n2-ow n-uc-7pO8rN313XLm\" data-sstype=\"slide\" data-pm=\"default\"><\/div><\/div><\/div>                    <\/div>\n\n                                    <\/div>\n            <\/div>\n        <\/div>\n        <div class=\"n2-ss-slider-controls n2-ss-slider-controls-absolute-left-center\"><div style=\"--widget-offset:15px;\" class=\"n2-ss-widget n2-style-041670f7df29ffb4048fc6d85d61d1ee-heading nextend-arrow n2-ow-all nextend-arrow-previous  nextend-arrow-animated-fade\" data-hide-mobileportrait=\"1\" id=\"n2-ss-17-arrow-previous\" role=\"button\" aria-label=\"previous arrow\" tabindex=\"0\"><img loading=\"lazy\" decoding=\"async\" width=\"32\" height=\"32\" class=\"skip-lazy\" data-skip-lazy=\"1\" src=\"data:image\/svg+xml;base64,PHN2ZyB4bWxucz0iaHR0cDovL3d3dy53My5vcmcvMjAwMC9zdmciIHdpZHRoPSIzMiIgaGVpZ2h0PSIzMiIgdmlld0JveD0iMCAwIDMyIDMyIj4KICAgIDxwYXRoIGZpbGw9IiNmZmZmZmYiIG9wYWNpdHk9IjAuOCIgZmlsbC1ydWxlPSJldmVub2RkIgogICAgICAgICAgZD0iTTE4Ljk5NTggOC45OTA3YzAtLjQyNC0uMjA0LS43MjMtLjYxLS44OTgtLjQwOS0uMTczLS43NzItLjEwNC0xLjA5My4yMDlsLTcuMDA2IDYuOTc1Yy0uMjAxLjE5OS0uMjk3LjQzNy0uMjg2LjcxNiAwIC4yNjcuMDk2LjQ5OC4yODYuNjg5bDcuMDA2IDcuMDAxYy4zMjEuMzIxLjY4NC4zODkgMS4wOTMuMjA5LjQwNi0uMTc0LjYxLS40ODIuNjEtLjkyMlY4Ljk5MDd6Ii8+Cjwvc3ZnPg==\" alt=\"previous arrow\" title=\"\"><\/div><\/div><div class=\"n2-ss-slider-controls n2-ss-slider-controls-absolute-right-center\"><div style=\"--widget-offset:15px;\" class=\"n2-ss-widget n2-style-041670f7df29ffb4048fc6d85d61d1ee-heading nextend-arrow n2-ow-all nextend-arrow-next  nextend-arrow-animated-fade\" data-hide-mobileportrait=\"1\" id=\"n2-ss-17-arrow-next\" role=\"button\" aria-label=\"next arrow\" tabindex=\"0\"><img loading=\"lazy\" decoding=\"async\" width=\"32\" height=\"32\" class=\"skip-lazy\" data-skip-lazy=\"1\" src=\"data:image\/svg+xml;base64,PHN2ZyB3aWR0aD0iMzIiIGhlaWdodD0iMzIiIHZpZXdCb3g9IjAgMCAzMiAzMiIgeG1sbnM9Imh0dHA6Ly93d3cudzMub3JnLzIwMDAvc3ZnIj4KICAgIDxwYXRoIGQ9Ik0xMiA4Ljk5YzAtLjQyMy4yMDQtLjcyMi42MS0uODk3LjQwOC0uMTczLjc3Mi0uMTA0IDEuMDkyLjIxbDcuMDA2IDYuOTc0Yy4yMDIuMi4yOTguNDM3LjI4Ny43MTYgMCAuMjY3LS4wOTYuNDk4LS4yODcuNjlsLTcuMDA2IDdjLS4zMi4zMi0uNjg0LjM5LTEuMDkyLjIxLS40MDYtLjE3NS0uNjEtLjQ4My0uNjEtLjkyM1Y4Ljk5eiIKICAgICAgICAgIGZpbGw9IiNmZmZmZmYiIG9wYWNpdHk9IjAuOCIgZmlsbC1ydWxlPSJldmVub2RkIi8+Cjwvc3ZnPg==\" alt=\"next arrow\" title=\"\"><\/div><\/div><\/div><div class=\"n2-ss-slider-controls n2-ss-slider-controls-below\"><div class=\"n2-ss-widget nextend-bar nextend-bar-horizontal n2-ss-widget-hidden n2-ow-all\" style=\"text-align: left;width:100%;\"><div class=\"n2-style-1b3b0b26e4e995bc76516f476918c4ab-simple \"><span class=\"n2-font-fcce1fddc1d903b911854dc0cbaed59a-simple \">&nbsp;<\/span><\/div><\/div><div data-width-percent=\"100\" class=\"n2-ss-widget nextend-thumbnail nextend-thumbnail-default nextend-thumbnail-horizontal n2-ow-all\" data-hide-mobileportrait=\"1\" style=\"width:100%;\" data-has-next=\"0\" data-has-previous=\"0\"><div class=\"nextend-thumbnail-inner n2-style-df32cb3742fdac43eb0251df7d67c185-simple \"><div class=\"nextend-thumbnail-scroller n2-align-content-start\" style=\"grid-template-rows:repeat(1, 1fr)\"><div class=\"n2-thumbnail-dot n2-style-462cb0983aca6cda3fc34a0feea6024b-dot \" data-slide-public-id=\"1\" role=\"button\" aria-label=\"Hans Scheib (Mitte) Christine 2010 HolzFarbe 63 x 180 x 60 cm\" tabindex=\"0\"><picture class=\"skip-lazy\" data-skip-lazy=\"1\"><img loading=\"lazy\" decoding=\"async\" alt=\"Hans Scheib (Mitte) Christine 2010 HolzFarbe 63 x 180 x 60 cm\" src=\"\/\/www.galerie-schmalfuss.de\/wp-content\/uploads\/2025\/07\/Hans-Scheib-Mitte-Christine-2010-HolzFarbe-63-x-180-x-60-cm.jpg\" width=\"100\" height=\"60\" loading=\"lazy\" class=\"skip-lazy\" data-skip-lazy=\"1\" title=\"\"><\/picture><\/div><div class=\"n2-thumbnail-dot n2-style-462cb0983aca6cda3fc34a0feea6024b-dot \" data-slide-public-id=\"2\" role=\"button\" aria-label=\"Hans Scheib Dame mit Tuch 1998 HolzFarbe 185 x 38 x 30 cm2\" tabindex=\"0\"><picture class=\"skip-lazy\" data-skip-lazy=\"1\"><img loading=\"lazy\" decoding=\"async\" alt=\"Hans Scheib Dame mit Tuch 1998 HolzFarbe 185 x 38 x 30 cm2\" src=\"\/\/www.galerie-schmalfuss.de\/wp-content\/uploads\/2025\/07\/Hans-Scheib-Dame-mit-Tuch-1998-HolzFarbe-185-x-38-x-30-cm2.jpg\" width=\"100\" height=\"60\" loading=\"lazy\" class=\"skip-lazy\" data-skip-lazy=\"1\" title=\"\"><\/picture><\/div><div class=\"n2-thumbnail-dot n2-style-462cb0983aca6cda3fc34a0feea6024b-dot \" data-slide-public-id=\"3\" role=\"button\" aria-label=\"Hans Scheib K\u00fcnstlerin 2010 HolzFarbe 167 x 37 x 26 cm\" tabindex=\"0\"><picture class=\"skip-lazy\" data-skip-lazy=\"1\"><img loading=\"lazy\" decoding=\"async\" alt=\"Hans Scheib K\u00fcnstlerin 2010 HolzFarbe 167 x 37 x 26 cm\" src=\"\/\/www.galerie-schmalfuss.de\/wp-content\/uploads\/2025\/07\/Hans-Scheib-Kuenstlerin-2010-HolzFarbe-167-x-37-x-26-cm.jpg\" width=\"100\" height=\"60\" loading=\"lazy\" class=\"skip-lazy\" data-skip-lazy=\"1\" title=\"\"><\/picture><\/div><div class=\"n2-thumbnail-dot n2-style-462cb0983aca6cda3fc34a0feea6024b-dot \" data-slide-public-id=\"4\" role=\"button\" aria-label=\"Hans Scheib Kleine Mingrelin 2009 HolzFarbe 174 x 20 x 22 cm\" tabindex=\"0\"><picture class=\"skip-lazy\" data-skip-lazy=\"1\"><img loading=\"lazy\" decoding=\"async\" alt=\"Hans Scheib Kleine Mingrelin 2009 HolzFarbe 174 x 20 x 22 cm\" src=\"\/\/www.galerie-schmalfuss.de\/wp-content\/uploads\/2025\/07\/Hans-Scheib-Kleine-Mingrelin-2009-HolzFarbe-174-x-20-x-22-cm.jpg\" width=\"100\" height=\"60\" loading=\"lazy\" class=\"skip-lazy\" data-skip-lazy=\"1\" title=\"\"><\/picture><\/div><div class=\"n2-thumbnail-dot n2-style-462cb0983aca6cda3fc34a0feea6024b-dot \" data-slide-public-id=\"5\" role=\"button\" aria-label=\"Hans Scheib G\u00f6ttin mit Granat\u00e4pfeln 2005 Bronze 176x74x52cm\" tabindex=\"0\"><picture class=\"skip-lazy\" data-skip-lazy=\"1\"><img loading=\"lazy\" decoding=\"async\" alt=\"Hans Scheib G\u00f6ttin mit Granat\u00e4pfeln 2005 Bronze 176x74x52cm\" src=\"\/\/www.galerie-schmalfuss.de\/wp-content\/uploads\/2025\/07\/Hans-Scheib-Goettin-mit-Granataepfeln-2005-Bronze-176x74x52cm.jpg\" width=\"100\" height=\"60\" loading=\"lazy\" class=\"skip-lazy\" data-skip-lazy=\"1\" title=\"\"><\/picture><\/div><div class=\"n2-thumbnail-dot n2-style-462cb0983aca6cda3fc34a0feea6024b-dot \" data-slide-public-id=\"6\" role=\"button\" aria-label=\"Hans Scheib Blue Bells 2020 HolzFarbe 159 x 40 x 30cm\" tabindex=\"0\"><picture class=\"skip-lazy\" data-skip-lazy=\"1\"><img loading=\"lazy\" decoding=\"async\" alt=\"Hans Scheib Blue Bells 2020 HolzFarbe 159 x 40 x 30cm\" src=\"\/\/www.galerie-schmalfuss.de\/wp-content\/uploads\/2025\/07\/Hans-Scheib-Blue-Bells-2020-HolzFarbe-159-x-40-x-30cm.jpg\" width=\"100\" height=\"60\" loading=\"lazy\" class=\"skip-lazy\" data-skip-lazy=\"1\" title=\"\"><\/picture><\/div><div class=\"n2-thumbnail-dot n2-style-462cb0983aca6cda3fc34a0feea6024b-dot \" data-slide-public-id=\"7\" role=\"button\" aria-label=\"\u00c3\u0084ffchen\" tabindex=\"0\"><picture class=\"skip-lazy\" data-skip-lazy=\"1\"><img loading=\"lazy\" decoding=\"async\" alt=\"\u00c3\u0084ffchen\" src=\"\/\/www.galerie-schmalfuss.de\/wp-content\/uploads\/2014\/01\/\u00c4ffchen1.jpg\" width=\"100\" height=\"60\" loading=\"lazy\" class=\"skip-lazy\" data-skip-lazy=\"1\" title=\"\"><\/picture><\/div><div class=\"n2-thumbnail-dot n2-style-462cb0983aca6cda3fc34a0feea6024b-dot \" data-slide-public-id=\"8\" role=\"button\" aria-label=\"Hans Scheib Mann mit Stock (\u00c4thiopien) 2016 Bronze 61 x 42 x 10 cm\" tabindex=\"0\"><picture class=\"skip-lazy\" data-skip-lazy=\"1\"><img loading=\"lazy\" decoding=\"async\" alt=\"Hans Scheib Mann mit Stock (\u00c4thiopien) 2016 Bronze 61 x 42 x 10 cm\" src=\"\/\/www.galerie-schmalfuss.de\/wp-content\/uploads\/2025\/07\/Hans-Scheib-Mann-mit-Stock-Aethiopien-2016-Bronze-61-x-42-x-10-cm.jpg\" width=\"100\" height=\"60\" loading=\"lazy\" class=\"skip-lazy\" data-skip-lazy=\"1\" title=\"\"><\/picture><\/div><div class=\"n2-thumbnail-dot n2-style-462cb0983aca6cda3fc34a0feea6024b-dot \" data-slide-public-id=\"9\" role=\"button\" aria-label=\"Hans Scheib Zeichnung auf Papier 80 x 60 cm\" tabindex=\"0\"><picture class=\"skip-lazy\" data-skip-lazy=\"1\"><img loading=\"lazy\" decoding=\"async\" alt=\"Hans Scheib Zeichnung auf Papier 80 x 60 cm\" src=\"\/\/www.galerie-schmalfuss.de\/wp-content\/uploads\/2025\/07\/Hans-Scheib-Zeichnung-auf-Papier-80-x-60-cm.jpg\" width=\"100\" height=\"60\" loading=\"lazy\" class=\"skip-lazy\" data-skip-lazy=\"1\" title=\"\"><\/picture><\/div><div class=\"n2-thumbnail-dot n2-style-462cb0983aca6cda3fc34a0feea6024b-dot \" data-slide-public-id=\"10\" role=\"button\" aria-label=\"HANS-SCHEIB\" tabindex=\"0\"><picture class=\"skip-lazy\" data-skip-lazy=\"1\"><img loading=\"lazy\" decoding=\"async\" alt=\"HANS-SCHEIB\" src=\"\/\/www.galerie-schmalfuss.de\/wp-content\/uploads\/2024\/07\/HANS-SCHEI_Ateliereinblick_2024.jpg\" width=\"100\" height=\"60\" loading=\"lazy\" class=\"skip-lazy\" data-skip-lazy=\"1\" title=\"\"><\/picture><\/div><div class=\"n2-thumbnail-dot n2-style-462cb0983aca6cda3fc34a0feea6024b-dot \" data-slide-public-id=\"11\" role=\"button\" aria-label=\"HANS SCHEIB Chrysantheme, 2019  Eisen  88x13,5x13,5cm\" tabindex=\"0\"><picture class=\"skip-lazy\" data-skip-lazy=\"1\"><img loading=\"lazy\" decoding=\"async\" alt=\"HANS SCHEIB Chrysantheme, 2019  Eisen  88x13,5x13,5cm\" src=\"\/\/www.galerie-schmalfuss.de\/wp-content\/uploads\/2022\/02\/hans-scheib-kunst-berlin.jpg\" width=\"100\" height=\"60\" loading=\"lazy\" class=\"skip-lazy\" data-skip-lazy=\"1\" title=\"\"><\/picture><\/div><div class=\"n2-thumbnail-dot n2-style-462cb0983aca6cda3fc34a0feea6024b-dot \" data-slide-public-id=\"12\" role=\"button\" aria-label=\"HANS SCHEIB Tagtraum, 2020  Holz, Farbe  160x126x33cm\" tabindex=\"0\"><picture class=\"skip-lazy\" data-skip-lazy=\"1\"><img loading=\"lazy\" decoding=\"async\" alt=\"HANS SCHEIB Tagtraum, 2020  Holz, Farbe  160x126x33cm\" src=\"\/\/www.galerie-schmalfuss.de\/wp-content\/uploads\/2022\/02\/hans-scheib-tagtraum-2020-holz-farbe-160x126x33cm.jpg\" width=\"100\" height=\"60\" loading=\"lazy\" class=\"skip-lazy\" data-skip-lazy=\"1\" title=\"\"><\/picture><\/div><div class=\"n2-thumbnail-dot n2-style-462cb0983aca6cda3fc34a0feea6024b-dot \" data-slide-public-id=\"13\" role=\"button\" aria-label=\"HANS SCHEIB Sommersprossen (Dame mit H\u00fcndchen), 2018  Holz, Farbe  87x20x20ccm\" tabindex=\"0\"><picture class=\"skip-lazy\" data-skip-lazy=\"1\"><img loading=\"lazy\" decoding=\"async\" alt=\"HANS SCHEIB Sommersprossen (Dame mit H\u00fcndchen), 2018  Holz, Farbe  87x20x20ccm\" src=\"\/\/www.galerie-schmalfuss.de\/wp-content\/uploads\/2022\/02\/hans-scheib-sommersprossen-dame-mit-huendchen-2018-holz-farbe-87x20x20ccm.jpg\" width=\"100\" height=\"60\" loading=\"lazy\" class=\"skip-lazy\" data-skip-lazy=\"1\" title=\"\"><\/picture><\/div><div class=\"n2-thumbnail-dot n2-style-462cb0983aca6cda3fc34a0feea6024b-dot \" data-slide-public-id=\"14\" role=\"button\" aria-label=\"HANS SCHEIB Secret (Cox 4), 2020  Holz, Farbe, Vergoldung  104x37x12cm\" tabindex=\"0\"><picture class=\"skip-lazy\" data-skip-lazy=\"1\"><img loading=\"lazy\" decoding=\"async\" alt=\"HANS SCHEIB Secret (Cox 4), 2020  Holz, Farbe, Vergoldung  104x37x12cm\" src=\"\/\/www.galerie-schmalfuss.de\/wp-content\/uploads\/2022\/02\/hans-scheib-secret-cox-4-2020-holz-farbe-vergoldung-104x37x12cm-scaled.jpg\" width=\"100\" height=\"60\" loading=\"lazy\" class=\"skip-lazy\" data-skip-lazy=\"1\" title=\"\"><\/picture><\/div><div class=\"n2-thumbnail-dot n2-style-462cb0983aca6cda3fc34a0feea6024b-dot \" data-slide-public-id=\"15\" role=\"button\" aria-label=\"HANS SCHEIB Sch\u00f6ne Freundin, 2020  Bronze  179x60x39cm\" tabindex=\"0\"><picture class=\"skip-lazy\" data-skip-lazy=\"1\"><img loading=\"lazy\" decoding=\"async\" alt=\"HANS SCHEIB Sch\u00f6ne Freundin, 2020  Bronze  179x60x39cm\" src=\"\/\/www.galerie-schmalfuss.de\/wp-content\/uploads\/2022\/02\/hans-scheib-schoene-freundin-2020-bronze-179x60x39cm-scaled.jpg\" width=\"100\" height=\"60\" loading=\"lazy\" class=\"skip-lazy\" data-skip-lazy=\"1\" title=\"\"><\/picture><\/div><div class=\"n2-thumbnail-dot n2-style-462cb0983aca6cda3fc34a0feea6024b-dot \" data-slide-public-id=\"16\" role=\"button\" aria-label=\"HANS SCHEIB Rose, 2021  Bronze, farbig gefasst  74,5x15x15cm\" tabindex=\"0\"><picture class=\"skip-lazy\" data-skip-lazy=\"1\"><img loading=\"lazy\" decoding=\"async\" alt=\"HANS SCHEIB Rose, 2021  Bronze, farbig gefasst  74,5x15x15cm\" src=\"\/\/www.galerie-schmalfuss.de\/wp-content\/uploads\/2022\/02\/hans-scheib-rose-2021-bronze-farbig-gefasst-745x15x15cm.jpg\" width=\"100\" height=\"60\" loading=\"lazy\" class=\"skip-lazy\" data-skip-lazy=\"1\" title=\"\"><\/picture><\/div><div class=\"n2-thumbnail-dot n2-style-462cb0983aca6cda3fc34a0feea6024b-dot \" data-slide-public-id=\"17\" role=\"button\" aria-label=\"HANS SCHEIB Rendezvous, 2019  Holz, Farbe  105x15x15cm\" tabindex=\"0\"><picture class=\"skip-lazy\" data-skip-lazy=\"1\"><img loading=\"lazy\" decoding=\"async\" alt=\"HANS SCHEIB Rendezvous, 2019  Holz, Farbe  105x15x15cm\" src=\"\/\/www.galerie-schmalfuss.de\/wp-content\/uploads\/2022\/02\/hans-scheib-rendezvous-2019-holz-farbe-105x15x15cm.jpg\" width=\"100\" height=\"60\" loading=\"lazy\" class=\"skip-lazy\" data-skip-lazy=\"1\" title=\"\"><\/picture><\/div><div class=\"n2-thumbnail-dot n2-style-462cb0983aca6cda3fc34a0feea6024b-dot \" data-slide-public-id=\"18\" role=\"button\" aria-label=\"HANS SCHEIB Primavera, 2019  Bronze, fabrig gefasst  166x19x27cm\" tabindex=\"0\"><picture class=\"skip-lazy\" data-skip-lazy=\"1\"><img loading=\"lazy\" decoding=\"async\" alt=\"HANS SCHEIB Primavera, 2019  Bronze, fabrig gefasst  166x19x27cm\" src=\"\/\/www.galerie-schmalfuss.de\/wp-content\/uploads\/2022\/02\/hans-scheib-kunst-berlin-1.jpg\" width=\"100\" height=\"60\" loading=\"lazy\" class=\"skip-lazy\" data-skip-lazy=\"1\" title=\"\"><\/picture><\/div><div class=\"n2-thumbnail-dot n2-style-462cb0983aca6cda3fc34a0feea6024b-dot \" data-slide-public-id=\"19\" role=\"button\" aria-label=\"HANS SCHEIB Liebchen, 2020  Holz, Farbe  30x76,5x37cm\" tabindex=\"0\"><picture class=\"skip-lazy\" data-skip-lazy=\"1\"><img loading=\"lazy\" decoding=\"async\" alt=\"HANS SCHEIB Liebchen, 2020  Holz, Farbe  30x76,5x37cm\" src=\"\/\/www.galerie-schmalfuss.de\/wp-content\/uploads\/2022\/02\/hans-scheib-liebchen-2020-holz-farbe-30x765x37cm.jpg\" width=\"100\" height=\"60\" loading=\"lazy\" class=\"skip-lazy\" data-skip-lazy=\"1\" title=\"\"><\/picture><\/div><div class=\"n2-thumbnail-dot n2-style-462cb0983aca6cda3fc34a0feea6024b-dot \" data-slide-public-id=\"20\" role=\"button\" aria-label=\"HANS SCHEIB Kati, 2021  Holz, Farbe  72x15x11cm\" tabindex=\"0\"><picture class=\"skip-lazy\" data-skip-lazy=\"1\"><img loading=\"lazy\" decoding=\"async\" alt=\"HANS SCHEIB Kati, 2021  Holz, Farbe  72x15x11cm\" src=\"\/\/www.galerie-schmalfuss.de\/wp-content\/uploads\/2022\/02\/hans-scheib-kati-2021-holz-farbe-72x15x11cm.jpg\" width=\"100\" height=\"60\" loading=\"lazy\" class=\"skip-lazy\" data-skip-lazy=\"1\" title=\"\"><\/picture><\/div><div class=\"n2-thumbnail-dot n2-style-462cb0983aca6cda3fc34a0feea6024b-dot \" data-slide-public-id=\"21\" role=\"button\" aria-label=\"HANS SCHEIB Iris, 2020  Holz, Farbe  101x18x25cm\" tabindex=\"0\"><picture class=\"skip-lazy\" data-skip-lazy=\"1\"><img loading=\"lazy\" decoding=\"async\" alt=\"HANS SCHEIB Iris, 2020  Holz, Farbe  101x18x25cm\" src=\"\/\/www.galerie-schmalfuss.de\/wp-content\/uploads\/2022\/02\/hans-scheib-iris-2020-holz-farbe-101x18x25cm.jpg\" width=\"100\" height=\"60\" loading=\"lazy\" class=\"skip-lazy\" data-skip-lazy=\"1\" title=\"\"><\/picture><\/div><div class=\"n2-thumbnail-dot n2-style-462cb0983aca6cda3fc34a0feea6024b-dot \" data-slide-public-id=\"22\" role=\"button\" aria-label=\"HANS SCHEIB Irina (Cox 5), 2020 Holz, Farbe, Vergoldung  120x40x12cm\" tabindex=\"0\"><picture class=\"skip-lazy\" data-skip-lazy=\"1\"><img loading=\"lazy\" decoding=\"async\" alt=\"HANS SCHEIB Irina (Cox 5), 2020 Holz, Farbe, Vergoldung  120x40x12cm\" src=\"\/\/www.galerie-schmalfuss.de\/wp-content\/uploads\/2022\/02\/hans-scheib-irina-cox-5-2020-holz-farbe-vergoldung-120x40x12cm-scaled.jpg\" width=\"100\" height=\"60\" loading=\"lazy\" class=\"skip-lazy\" data-skip-lazy=\"1\" title=\"\"><\/picture><\/div><div class=\"n2-thumbnail-dot n2-style-462cb0983aca6cda3fc34a0feea6024b-dot \" data-slide-public-id=\"23\" role=\"button\" aria-label=\"HANS SCHEIB Ina, 2021  Holz, Farbe  72x17x17cm\" tabindex=\"0\"><picture class=\"skip-lazy\" data-skip-lazy=\"1\"><img loading=\"lazy\" decoding=\"async\" alt=\"HANS SCHEIB Ina, 2021  Holz, Farbe  72x17x17cm\" src=\"\/\/www.galerie-schmalfuss.de\/wp-content\/uploads\/2022\/02\/hans-scheib-ina-2021-holz-farbe-72x17x17cm.jpg\" width=\"100\" height=\"60\" loading=\"lazy\" class=\"skip-lazy\" data-skip-lazy=\"1\" title=\"\"><\/picture><\/div><div class=\"n2-thumbnail-dot n2-style-462cb0983aca6cda3fc34a0feea6024b-dot \" data-slide-public-id=\"24\" role=\"button\" aria-label=\"HANS SCHEIB Die Prinzessin, 2022  Bronze, farbig gefasst  29x8x8cm\" tabindex=\"0\"><picture class=\"skip-lazy\" data-skip-lazy=\"1\"><img loading=\"lazy\" decoding=\"async\" alt=\"HANS SCHEIB Die Prinzessin, 2022  Bronze, farbig gefasst  29x8x8cm\" src=\"\/\/www.galerie-schmalfuss.de\/wp-content\/uploads\/2022\/02\/hans-scheib-die-prinzessin-2022-bronze-farbig-gefasst-29x8x8cm.jpg\" width=\"100\" height=\"60\" loading=\"lazy\" class=\"skip-lazy\" data-skip-lazy=\"1\" title=\"\"><\/picture><\/div><div class=\"n2-thumbnail-dot n2-style-462cb0983aca6cda3fc34a0feea6024b-dot \" data-slide-public-id=\"25\" role=\"button\" aria-label=\"HANS SCHEIB Das Hasenm\u00e4dchen, 2020  Bronze, farbig gefasst  98x19x27cm\" tabindex=\"0\"><picture class=\"skip-lazy\" data-skip-lazy=\"1\"><img loading=\"lazy\" decoding=\"async\" alt=\"HANS SCHEIB Das Hasenm\u00e4dchen, 2020  Bronze, farbig gefasst  98x19x27cm\" src=\"\/\/www.galerie-schmalfuss.de\/wp-content\/uploads\/2022\/02\/hans-scheib-das-hasenmaedchen-2020-bronze-farbig-gefasst-98x19x27cm.jpg\" width=\"100\" height=\"60\" loading=\"lazy\" class=\"skip-lazy\" data-skip-lazy=\"1\" title=\"\"><\/picture><\/div><div class=\"n2-thumbnail-dot n2-style-462cb0983aca6cda3fc34a0feea6024b-dot \" data-slide-public-id=\"26\" role=\"button\" aria-label=\"HANS SCHEIB Cloudy, 2020  Bronze, farbig gefasst  109x22x22cm\" tabindex=\"0\"><picture class=\"skip-lazy\" data-skip-lazy=\"1\"><img loading=\"lazy\" decoding=\"async\" alt=\"HANS SCHEIB Cloudy, 2020  Bronze, farbig gefasst  109x22x22cm\" src=\"\/\/www.galerie-schmalfuss.de\/wp-content\/uploads\/2022\/02\/hans-scheib-cloudy-2020-bronze-farbig-gefasst-109x22x22cm-scaled.jpg\" width=\"100\" height=\"60\" loading=\"lazy\" class=\"skip-lazy\" data-skip-lazy=\"1\" title=\"\"><\/picture><\/div><div class=\"n2-thumbnail-dot n2-style-462cb0983aca6cda3fc34a0feea6024b-dot \" data-slide-public-id=\"27\" role=\"button\" aria-label=\"HANS SCHEIB Bubikopf, 2020  Holz, Farbe  87x17x29cm\" tabindex=\"0\"><picture class=\"skip-lazy\" data-skip-lazy=\"1\"><img loading=\"lazy\" decoding=\"async\" alt=\"HANS SCHEIB Bubikopf, 2020  Holz, Farbe  87x17x29cm\" src=\"\/\/www.galerie-schmalfuss.de\/wp-content\/uploads\/2022\/02\/hans-scheib-bubikopf-2020-holz-farbe-87x17x29cm.jpg\" width=\"100\" height=\"60\" loading=\"lazy\" class=\"skip-lazy\" data-skip-lazy=\"1\" title=\"\"><\/picture><\/div><div class=\"n2-thumbnail-dot n2-style-462cb0983aca6cda3fc34a0feea6024b-dot \" data-slide-public-id=\"28\" role=\"button\" aria-label=\"Strau\u00df\" tabindex=\"0\"><picture class=\"skip-lazy\" data-skip-lazy=\"1\"><img loading=\"lazy\" decoding=\"async\" alt=\"Strau\u00df\" src=\"\/\/www.galerie-schmalfuss.de\/wp-content\/uploads\/2014\/01\/Strau\u00df1.jpg\" width=\"100\" height=\"60\" loading=\"lazy\" class=\"skip-lazy\" data-skip-lazy=\"1\" title=\"\"><\/picture><\/div><div class=\"n2-thumbnail-dot n2-style-462cb0983aca6cda3fc34a0feea6024b-dot \" data-slide-public-id=\"29\" role=\"button\" aria-label=\"K\u00e4tzchen\" tabindex=\"0\"><picture class=\"skip-lazy\" data-skip-lazy=\"1\"><img loading=\"lazy\" decoding=\"async\" alt=\"K\u00e4tzchen\" src=\"\/\/www.galerie-schmalfuss.de\/wp-content\/uploads\/2014\/01\/Katze-gro\u00dfe-Augen21.jpg\" width=\"100\" height=\"60\" loading=\"lazy\" class=\"skip-lazy\" data-skip-lazy=\"1\" title=\"\"><\/picture><\/div><div class=\"n2-thumbnail-dot n2-style-462cb0983aca6cda3fc34a0feea6024b-dot \" data-slide-public-id=\"30\" role=\"button\" aria-label=\"Giraffe\" tabindex=\"0\"><picture class=\"skip-lazy\" data-skip-lazy=\"1\"><img loading=\"lazy\" decoding=\"async\" alt=\"Giraffe\" src=\"\/\/www.galerie-schmalfuss.de\/wp-content\/uploads\/2014\/01\/Giraffe1.jpg\" width=\"100\" height=\"60\" loading=\"lazy\" class=\"skip-lazy\" data-skip-lazy=\"1\" title=\"\"><\/picture><\/div><div class=\"n2-thumbnail-dot n2-style-462cb0983aca6cda3fc34a0feea6024b-dot \" data-slide-public-id=\"31\" role=\"button\" aria-label=\"Das Bett\" tabindex=\"0\"><picture class=\"skip-lazy\" data-skip-lazy=\"1\"><img loading=\"lazy\" decoding=\"async\" alt=\"Das Bett\" src=\"\/\/www.galerie-schmalfuss.de\/wp-content\/uploads\/2014\/01\/Frau-auf-Kissen1.jpg\" width=\"100\" height=\"60\" loading=\"lazy\" class=\"skip-lazy\" data-skip-lazy=\"1\" title=\"\"><\/picture><\/div><div class=\"n2-thumbnail-dot n2-style-462cb0983aca6cda3fc34a0feea6024b-dot \" data-slide-public-id=\"32\" role=\"button\" aria-label=\"Fohlen\" tabindex=\"0\"><picture class=\"skip-lazy\" data-skip-lazy=\"1\"><img loading=\"lazy\" decoding=\"async\" alt=\"Fohlen\" src=\"\/\/www.galerie-schmalfuss.de\/wp-content\/uploads\/2014\/01\/Fohlen1.jpg\" width=\"100\" height=\"60\" loading=\"lazy\" class=\"skip-lazy\" data-skip-lazy=\"1\" title=\"\"><\/picture><\/div><div class=\"n2-thumbnail-dot n2-style-462cb0983aca6cda3fc34a0feea6024b-dot \" data-slide-public-id=\"33\" role=\"button\" aria-label=\"Erdm\u00e4nnchen\" tabindex=\"0\"><picture class=\"skip-lazy\" data-skip-lazy=\"1\"><img loading=\"lazy\" decoding=\"async\" alt=\"Erdm\u00e4nnchen\" src=\"\/\/www.galerie-schmalfuss.de\/wp-content\/uploads\/2014\/01\/Erdm\u00e4nnchen1.jpg\" width=\"100\" height=\"60\" loading=\"lazy\" class=\"skip-lazy\" data-skip-lazy=\"1\" title=\"\"><\/picture><\/div><div class=\"n2-thumbnail-dot n2-style-462cb0983aca6cda3fc34a0feea6024b-dot \" data-slide-public-id=\"34\" role=\"button\" aria-label=\"Elch\" tabindex=\"0\"><picture class=\"skip-lazy\" data-skip-lazy=\"1\"><img loading=\"lazy\" decoding=\"async\" alt=\"Elch\" src=\"\/\/www.galerie-schmalfuss.de\/wp-content\/uploads\/2014\/01\/Elch1.jpg\" width=\"100\" height=\"60\" loading=\"lazy\" class=\"skip-lazy\" data-skip-lazy=\"1\" title=\"\"><\/picture><\/div><\/div><\/div><div class=\"nextend-thumbnail-button nextend-thumbnail-previous\"><img loading=\"lazy\" decoding=\"async\" width=\"26\" height=\"26\" style=\"width:26px;transform:rotateZ(-90deg);\" loading=\"lazy\" class=\"skip-lazy\" data-skip-lazy=\"1\" src=\"data:image\/svg+xml;base64,PHN2ZyB3aWR0aD0iMjYiIGhlaWdodD0iMjYiIHhtbG5zPSJodHRwOi8vd3d3LnczLm9yZy8yMDAwL3N2ZyI+CiAgICA8ZyBmaWxsPSJub25lIiBmaWxsLXJ1bGU9ImV2ZW5vZGQiPgogICAgICAgIDxjaXJjbGUgc3Ryb2tlPSIjZmZmIiBzdHJva2Utd2lkdGg9IjIiIG9wYWNpdHk9Ii41IiBmaWxsPSIjMDAwIiBjeD0iMTMiIGN5PSIxMyIgcj0iMTIiLz4KICAgICAgICA8cGF0aCBkPSJNMTMuNDM1IDkuMTc4Yy0uMTI2LS4xMjEtLjI3LS4xODItLjQzNi0uMTgyLS4xNjQgMC0uMzA2LjA2MS0uNDI4LjE4MmwtNC4zOCA0LjE3NWMtLjEyNi4xMjEtLjE4OC4yNjItLjE4OC40MjQgMCAuMTYxLjA2Mi4zMDIuMTg4LjQyM2wuNjUuNjIyYy4xMjYuMTIxLjI3My4xODIuNDQxLjE4Mi4xNyAwIC4zMTQtLjA2MS40MzYtLjE4MmwzLjMxNC0zLjE2MSAzLjI0OSAzLjE2MWMuMTI2LjEyMS4yNjkuMTgyLjQzMi4xODIuMTY0IDAgLjMwNy0uMDYxLjQzMy0uMTgybC42NjItLjYyMmMuMTI2LS4xMjEuMTg5LS4yNjIuMTg5LS40MjMgMC0uMTYyLS4wNjMtLjMwMy0uMTg5LS40MjRsLTQuMzczLTQuMTc1eiIKICAgICAgICAgICAgICBmaWxsPSIjZmZmIi8+CiAgICA8L2c+Cjwvc3ZnPg==\" alt=\"previous arrow\" title=\"\"><\/div><div class=\"nextend-thumbnail-button nextend-thumbnail-next\"><img loading=\"lazy\" decoding=\"async\" width=\"26\" height=\"26\" style=\"width:26px;transform:rotateZ(-90deg);\" loading=\"lazy\" class=\"skip-lazy\" data-skip-lazy=\"1\" src=\"data:image\/svg+xml;base64,PHN2ZyB4bWxucz0iaHR0cDovL3d3dy53My5vcmcvMjAwMC9zdmciIHdpZHRoPSIyNiIgaGVpZ2h0PSIyNiI+CiAgICA8ZyBmaWxsPSJub25lIj4KICAgICAgICA8Y2lyY2xlIGN4PSIxMyIgY3k9IjEzIiByPSIxMiIgZmlsbD0iIzAwMCIgc3Ryb2tlPSIjZmZmIiBzdHJva2Utd2lkdGg9IjIiIG9wYWNpdHk9Ii41Ii8+CiAgICAgICAgPHBhdGggZmlsbD0iI2ZmZiIKICAgICAgICAgICAgICBkPSJNMTIuNTY1IDE2LjgyMmMuMTI2LjEyLjI3LjE4Mi40MzYuMTgyLjE2OCAwIC4zMS0uMDYuNDMtLjE4Mmw0LjM4LTQuMTc1Yy4xMjgtLjEyLjE5LS4yNjIuMTktLjQyNCAwLS4xNi0uMDYyLS4zMDItLjE5LS40MjNsLS42NS0uNjIyYy0uMTI1LS4xMi0uMjcyLS4xODItLjQ0LS4xODItLjE3IDAtLjMxNC4wNi0uNDM2LjE4MmwtMy4zMTQgMy4xNi0zLjI1LTMuMTZjLS4xMjYtLjEyLS4yNy0uMTgyLS40My0uMTgyLS4xNjYgMC0uMzEuMDYtLjQzNS4xODJsLS42NjIuNjIyYy0uMTI2LjEyLS4xOS4yNjItLjE5LjQyMyAwIC4xNjIuMDY0LjMwMy4xOS40MjRsNC4zNzMgNC4xNzV6Ii8+CiAgICA8L2c+Cjwvc3ZnPg==\" alt=\"next arrow\" title=\"\"><\/div><\/div><\/div><\/div><\/div><ss3-loader><\/ss3-loader><\/div><\/div><div class=\"n2_clear\"><\/div><\/div>\n\n\n<p>Tragisch-komische sowie grotesk-ironische Reflexionen \u00fcber historische wie aktuelle Themen und h\u00f6chst sensible Charaktere, das sind die Darstellungen des s\u00fcddeutschen Malers MICHEL MEYER und des renommierten Berliner Bildhauers HANS SCHEIB.<\/p>\n\n\n\n<p>\u00dcber den Inhalt seiner Malerei schreibt MICHEL MEYER im Jahr 1999: \u201eMeine Malerei ist nicht nur ein Spiel mit Farben, Stiften und Material zur Erlangung von K\u00f6pfen, Figuren und deren Fragmenten und Beziehungen. [\u2026] Durch den andauernden Prozess der Malerei verschwinden alle im Bild entsorgten Gedanken und transformieren sich raupenhaft in Sch\u00f6nes und Humorvolles. In Geschichten mit offenem Ausgang.\u201c<\/p>\n\n\n\n<p>Erfahrungen voller emotionaler Bewegtheit spiegeln sich in den legend\u00e4ren Skulpturen von HANS SCHEIB wider. Insbesondere seine farbig gefassten Holzskulpturen mit ihrer schroffen Oberfl\u00e4chenbehandlung stellen Momentaufnahmen h\u00f6chster Erregung dar \u2013 von Schrecksekunden bis hin zur Selbsterkenntnis. Aus gesundheitlichen Gr\u00fcnden kann HANS SCHEIB seit 2023 nicht mehr mit dem Material Holz arbeiten. Jetzt stehen f\u00fcr ihn die Bronzen im Mittelpunkt seines Schaffens.<\/p>\n\n\n\n<p>Die Ausstellung MICHEL MEYER | HANS SCHEIB bietet noch einmal ein facettenreiches Angebot an Bronze- und Holzskulpturen des vom Berliner Realismus sowie deutschen Expressionismus beeinflussten und bei Sammlern gefragten Bildhauers HANS SCHEIB.<\/p>\n","protected":false},"excerpt":{"rendered":"<p>3. August bis 31. August 2024 Werke von dem Maler&#8230; <a class=\"mor_e-link\" href=\"https:\/\/www.galerie-schmalfuss.de\/index.php\/hans-scheib-michel-meyer\/\">weiter<span class=\"screen-reader-text\">HOLZ  | FARBE | BRONZE<\/span><\/a><\/p>\n","protected":false},"author":6,"featured_media":13658,"comment_status":"closed","ping_status":"closed","sticky":false,"template":"","format":"standard","meta":{"footnotes":""},"categories":[4,5],"tags":[42,165],"class_list":["post-13452","post","type-post","status-publish","format-standard","has-post-thumbnail","hentry","category-exhibitions","category-berlin","tag-hans-scheib","tag-michel-meyer","entry"],"_links":{"self":[{"href":"https:\/\/www.galerie-schmalfuss.de\/index.php\/wp-json\/wp\/v2\/posts\/13452","targetHints":{"allow":["GET"]}}],"collection":[{"href":"https:\/\/www.galerie-schmalfuss.de\/index.php\/wp-json\/wp\/v2\/posts"}],"about":[{"href":"https:\/\/www.galerie-schmalfuss.de\/index.php\/wp-json\/wp\/v2\/types\/post"}],"author":[{"embeddable":true,"href":"https:\/\/www.galerie-schmalfuss.de\/index.php\/wp-json\/wp\/v2\/users\/6"}],"replies":[{"embeddable":true,"href":"https:\/\/www.galerie-schmalfuss.de\/index.php\/wp-json\/wp\/v2\/comments?post=13452"}],"version-history":[{"count":10,"href":"https:\/\/www.galerie-schmalfuss.de\/index.php\/wp-json\/wp\/v2\/posts\/13452\/revisions"}],"predecessor-version":[{"id":13868,"href":"https:\/\/www.galerie-schmalfuss.de\/index.php\/wp-json\/wp\/v2\/posts\/13452\/revisions\/13868"}],"wp:featuredmedia":[{"embeddable":true,"href":"https:\/\/www.galerie-schmalfuss.de\/index.php\/wp-json\/wp\/v2\/media\/13658"}],"wp:attachment":[{"href":"https:\/\/www.galerie-schmalfuss.de\/index.php\/wp-json\/wp\/v2\/media?parent=13452"}],"wp:term":[{"taxonomy":"category","embeddable":true,"href":"https:\/\/www.galerie-schmalfuss.de\/index.php\/wp-json\/wp\/v2\/categories?post=13452"},{"taxonomy":"post_tag","embeddable":true,"href":"https:\/\/www.galerie-schmalfuss.de\/index.php\/wp-json\/wp\/v2\/tags?post=13452"}],"curies":[{"name":"wp","href":"https:\/\/api.w.org\/{rel}","templated":true}]}}