{"id":1352,"date":"2011-12-16T15:29:30","date_gmt":"2011-12-16T15:29:30","guid":{"rendered":"http:\/\/www.galerie-schmalfuss.de\/?p=1352"},"modified":"2012-01-05T10:28:34","modified_gmt":"2012-01-05T10:28:34","slug":"buchvorstellung-von-nicolaus-schmidts-facebookfriends","status":"publish","type":"post","link":"https:\/\/www.galerie-schmalfuss.de\/index.php\/buchvorstellung-von-nicolaus-schmidts-facebookfriends\/","title":{"rendered":"BUCHVORSTELLUNG von NICOLAUS SCHMIDTS &#8222;facebook:friends&#8220;"},"content":{"rendered":"<p><a  href=\"http:\/\/www.galerie-schmalfuss.de\/wp-content\/uploads\/2011\/10\/Nicolaus_Schmidt_Facebook_Friends_med.jpg\" data-rel=\"lightbox-gallery-0\" data-rl_title=\"Nicolaus_Schmidt_Facebook_Friends_med\" data-rl_caption=\"\"><img fetchpriority=\"high\" decoding=\"async\" class=\"alignnone size-full wp-image-1244\" title=\"Nicolaus_Schmidt_Facebook_Friends_med\" src=\"http:\/\/www.galerie-schmalfuss.de\/wp-content\/uploads\/2011\/10\/Nicolaus_Schmidt_Facebook_Friends_med.jpg\" alt=\"\" width=\"400\" height=\"477\" srcset=\"https:\/\/www.galerie-schmalfuss.de\/wp-content\/uploads\/2011\/10\/Nicolaus_Schmidt_Facebook_Friends_med.jpg 400w, https:\/\/www.galerie-schmalfuss.de\/wp-content\/uploads\/2011\/10\/Nicolaus_Schmidt_Facebook_Friends_med-251x300.jpg 251w\" sizes=\"(max-width: 400px) 100vw, 400px\" \/><\/a><\/p>\n<p>&nbsp;<\/p>\n<p>Buchvorstellung: Nicolaus Schmidt, facebook: friends<\/p>\n<p>Montag, 16. Januar um 19 Uhr<\/p>\n<p>&nbsp;<\/p>\n<p>Das fr\u00fchere private Fotoalbum ist heute \u00fcber Facebook und andere soziale Netzwerke \u00f6ffentlich geworden. Nicolaus Schmidts im Kerber Verlag erschienene Buch <em>facebook:friends<\/em> ist das erste, das sich mit den &#8222;Alben&#8220; der Millionen Facebook-Nutzer besch\u00e4ftigt und in die Lebenswelten von ausgew\u00e4hlten Facebook-Freunden aus aller Welt hineinblickt.<\/p>\n<p>&nbsp;<\/p>\n<p>Zur Buchvorstellung sprechen Nicolaus Schmidt und die Hamburger Kunsthistorikerin Dr. Barbara Uppenkamp.<\/p>\n<p>&nbsp;<\/p>\n<p>Barbara Uppenkamp beschreibt die ikonografischen Echos von der Pop-Kultur bis hin zu Motiven aus der Antike, die sich in etlichen Bildern offenbaren. Sie bezieht sich dabei auf den Kunsthistoriker Aby Warburg, der schon in den 1920er Jahren davon gesprochen hat, dass in einem &#8222;Bilderfahrzeug&#8220; Motive und Bilder \u00fcber die Epochen und Kulturen hinweg unsere Welt umkreisen.<\/p>\n<p>&nbsp;<\/p>\n<p>Nicolaus Schmidt zeigt in der Galerie eine Wandinstallation, in der die Facebook-Bilder wie in einem Bildersturm den Raum umkreisen. F\u00fcr sein Buch hat er aus der unendlichen Datenwolke dieses Netzwerkes 350 Bilder ausgew\u00e4hlt. Die von ihm montierten Albumseiten zeigen Familie, Freunde, Passionen, Tr\u00e4ume, die eigene Lebensgeschichte. Im Mittelpunkt steht das eigene Portr\u00e4t, oft auch der eigene K\u00f6rper. Das Spektrum reicht vom Handyfoto bis hin zu gezielten Selbstinszenierungen.<\/p>\n<p>&nbsp;<\/p>\n<p>&nbsp;<\/p>\n","protected":false},"excerpt":{"rendered":"<p>16. Januar 2012 um 19 Uhr <a class=\"mor_e-link\" href=\"https:\/\/www.galerie-schmalfuss.de\/index.php\/buchvorstellung-von-nicolaus-schmidts-facebookfriends\/\">weiter<span class=\"screen-reader-text\">BUCHVORSTELLUNG von NICOLAUS SCHMIDTS &#8222;facebook:friends&#8220;<\/span><\/a><\/p>\n","protected":false},"author":6,"featured_media":0,"comment_status":"closed","ping_status":"closed","sticky":false,"template":"","format":"standard","meta":{"footnotes":""},"categories":[9],"tags":[],"class_list":["post-1352","post","type-post","status-publish","format-standard","hentry","category-news","entry"],"_links":{"self":[{"href":"https:\/\/www.galerie-schmalfuss.de\/index.php\/wp-json\/wp\/v2\/posts\/1352","targetHints":{"allow":["GET"]}}],"collection":[{"href":"https:\/\/www.galerie-schmalfuss.de\/index.php\/wp-json\/wp\/v2\/posts"}],"about":[{"href":"https:\/\/www.galerie-schmalfuss.de\/index.php\/wp-json\/wp\/v2\/types\/post"}],"author":[{"embeddable":true,"href":"https:\/\/www.galerie-schmalfuss.de\/index.php\/wp-json\/wp\/v2\/users\/6"}],"replies":[{"embeddable":true,"href":"https:\/\/www.galerie-schmalfuss.de\/index.php\/wp-json\/wp\/v2\/comments?post=1352"}],"version-history":[{"count":0,"href":"https:\/\/www.galerie-schmalfuss.de\/index.php\/wp-json\/wp\/v2\/posts\/1352\/revisions"}],"wp:attachment":[{"href":"https:\/\/www.galerie-schmalfuss.de\/index.php\/wp-json\/wp\/v2\/media?parent=1352"}],"wp:term":[{"taxonomy":"category","embeddable":true,"href":"https:\/\/www.galerie-schmalfuss.de\/index.php\/wp-json\/wp\/v2\/categories?post=1352"},{"taxonomy":"post_tag","embeddable":true,"href":"https:\/\/www.galerie-schmalfuss.de\/index.php\/wp-json\/wp\/v2\/tags?post=1352"}],"curies":[{"name":"wp","href":"https:\/\/api.w.org\/{rel}","templated":true}]}}