{"id":2512,"date":"2012-10-09T10:16:54","date_gmt":"2012-10-09T10:16:54","guid":{"rendered":"http:\/\/www.galerie-schmalfuss.de\/?p=2512"},"modified":"2012-12-14T11:50:20","modified_gmt":"2012-12-14T11:50:20","slug":"bild-gedachtnis-projektion","status":"publish","type":"post","link":"https:\/\/www.galerie-schmalfuss.de\/index.php\/bild-gedachtnis-projektion\/","title":{"rendered":"BILD &#8211; GED\u00c4CHTNIS &#8211; PROJEKTION"},"content":{"rendered":"<p>&nbsp;<\/p>\n<p>&nbsp;<\/p>\n<p><a  href=\"http:\/\/www.galerie-schmalfuss.de\/wp-content\/uploads\/2012\/10\/und_ich-_werde_es_behalten.jpg\" data-rel=\"lightbox-gallery-0\" data-rl_title=\"und_ich-_werde_es_behalten\" data-rl_caption=\"\"><img fetchpriority=\"high\" decoding=\"async\" class=\"alignnone size-full wp-image-2513\" title=\"und_ich-_werde_es_behalten\" src=\"http:\/\/www.galerie-schmalfuss.de\/wp-content\/uploads\/2012\/10\/und_ich-_werde_es_behalten.jpg\" alt=\"\" width=\"298\" height=\"425\" srcset=\"https:\/\/www.galerie-schmalfuss.de\/wp-content\/uploads\/2012\/10\/und_ich-_werde_es_behalten.jpg 298w, https:\/\/www.galerie-schmalfuss.de\/wp-content\/uploads\/2012\/10\/und_ich-_werde_es_behalten-210x300.jpg 210w\" sizes=\"(max-width: 298px) 100vw, 298px\" \/><\/a>\u00a0\u00a0<a  href=\"http:\/\/www.galerie-schmalfuss.de\/wp-content\/uploads\/2012\/10\/event.jpg\" data-rel=\"lightbox-gallery-0\" data-rl_title=\"event\" data-rl_caption=\"\"><img decoding=\"async\" class=\"alignnone size-full wp-image-2517\" title=\"event\" src=\"http:\/\/www.galerie-schmalfuss.de\/wp-content\/uploads\/2012\/10\/event.jpg\" alt=\"\" width=\"400\" height=\"267\" srcset=\"https:\/\/www.galerie-schmalfuss.de\/wp-content\/uploads\/2012\/10\/event.jpg 400w, https:\/\/www.galerie-schmalfuss.de\/wp-content\/uploads\/2012\/10\/event-300x200.jpg 300w\" sizes=\"(max-width: 400px) 100vw, 400px\" \/><\/a><\/p>\n<p>&nbsp;<\/p>\n<p><strong>BILD &#8211; GED\u00c4CHTNIS- PROJEKTION<\/strong><\/p>\n<p><span style=\"font-size: medium;\">Malerei und Skulptur von HANS-HENDRIK GRIMMLING und CARLO BORER\u00a0<\/span><\/p>\n<p>&nbsp;<\/p>\n<p><span style=\"font-size: medium;\">20.10.2012 &#8211; 08.12.2012<\/span><\/p>\n<p><span style=\"font-size: medium;\">Vernissage: Freitag, den 19. Oktober um 19 Uhr.<\/span><\/p>\n<p>&nbsp;<\/p>\n<p>&nbsp;<\/p>\n<div>\n<p><span style=\"font-size: medium;\">&#8222;Der K\u00fcnstler ist unterwegs mit der Behauptung: Ich finde die Wahrheit&#8220; so Hans-Hendrik Grimmling, 2004\u00a0<\/span><\/p>\n<p>\u00a0<\/p>\n<p><span style=\"font-size: medium;\"><strong>Hans-Hendrik Grimmling<\/strong>, in Zwenkau bei Leipzig geboren, studierte ab 1969 Malerei an der Hochschule f\u00fcr Bildende K\u00fcnste Dresden, dann an der Hochschule f\u00fcr Grafik und Buchkunst Leipzig. Von den Vertretern der &#8222;Leipziger Schule&#8220; beeinflusst, entwickelte er sich zu deren Antipoden.\u00a0<\/span><\/p>\n<p>\u00a0<\/p>\n<p><span style=\"font-size: medium;\">1986 Ausreise nach Westberlin, seit 2006 lehrt er als Professor an der Berliner Technischen Kunsthochschule.<\/span><\/p>\n<p><span style=\"font-size: medium;\">Grimmlings Arbeiten befinden sich in zahlreichen privaten sowie \u00f6ffentlichen Sammlungen.\u00a0<\/span><\/p>\n<p>\u00a0<\/p>\n<p><span style=\"font-size: medium;\"><a href=\"http:\/\/www.h-h-grimmling.de\/\" target=\"_blank\" rel=\"noopener\">www.h-h-grimmling.de<\/a><\/span><\/p>\n<p>&nbsp;<\/p>\n<p>&nbsp;<\/p>\n<p><span style=\"font-family: Helvetica;\">Der Schweizer K\u00fcnstler\u00a0<strong>Carlo Borer<\/strong>\u00a0erschafft seit Jahren multimedial, komplexe Kunstobjekte aus\u00a0<\/span><span style=\"font-family: Helvetica;\">Edelstahl, Aluminium, Holz und Kupfer.\u00a0<\/span><\/p>\n<p><span style=\"font-size: medium;\"><span style=\"font-family: Helvetica;\"><br \/><\/span><\/span><\/p>\n<p><span style=\"font-family: Helvetica; font-size: medium;\">Erst entwickelt er seine Objekte im virtuellen Raum, dann folgt unter Verwendung von Hightechwerkzeugen und anspruchsvollem traditionellem Handwerk die Transformation zum realem Objekt mit st\u00e4rkster Pr\u00e4senz im Raum.<\/span><\/p>\n<p><span style=\"font-size: medium;\"><span style=\"font-family: Helvetica;\">In Marburg zeigen wir\u00a0<\/span>Clouds und Clusters aus\u00a0geh\u00e4mmertem und anschlie\u00dfend poliertem Edelstahl.<\/span><\/p>\n<\/div>\n<p><span style=\"font-size: medium;\">Auf dem Boden liegend, in der Luft &#8222;schwebend&#8220;, an der Wand h\u00e4ngend, f\u00fcgen sich die Objekte von Borer in den Raum, &#8222;sammeln&#8220; ihn durch ihre Linsenform und reflektieren ihn dabei gleichzeitig.<\/span><\/p>\n<div id=\":3z\" data-tooltip=\"Hide expanded content\"><span style=\"font-size: medium;\"><img decoding=\"async\" src=\"https:\/\/mail.google.com\/mail\/images\/cleardot.gif\" alt=\"\" title=\"\"><\/span><\/div>\n<div>\u00a0<\/p>\n<div>\u00a0<\/p>\n<p><span style=\"font-family: Helvetica; font-size: medium;\">Carlo Borers Skulpturen sind in zahlreichen privaten und \u00f6ffentlichen Sammmlungen in Europa und den USA vertreten.<\/span><\/p>\n<p>\u00a0<\/p>\n<p><span style=\"font-size: medium;\"><a href=\"http:\/\/www.carloborer.ch\/\" target=\"_blank\" rel=\"noopener\">www.carloborer.ch<\/a>\u00a0<\/span><\/p>\n<div>\u00a0<\/div>\n<\/div>\n<\/div>\n","protected":false},"excerpt":{"rendered":"<p>HANS-HENDRIK GRIMMLING \u2013 CARLO BORER<br \/>Vernissage: Freitag, den 19. Oktober um 19 Uhr. <a class=\"mor_e-link\" href=\"https:\/\/www.galerie-schmalfuss.de\/index.php\/bild-gedachtnis-projektion\/\">weiter<span class=\"screen-reader-text\">BILD &#8211; GED\u00c4CHTNIS &#8211; PROJEKTION<\/span><\/a><\/p>\n","protected":false},"author":6,"featured_media":2514,"comment_status":"closed","ping_status":"closed","sticky":false,"template":"","format":"standard","meta":{"footnotes":""},"categories":[6],"tags":[],"class_list":["post-2512","post","type-post","status-publish","format-standard","has-post-thumbnail","hentry","category-marburg","entry"],"_links":{"self":[{"href":"https:\/\/www.galerie-schmalfuss.de\/index.php\/wp-json\/wp\/v2\/posts\/2512","targetHints":{"allow":["GET"]}}],"collection":[{"href":"https:\/\/www.galerie-schmalfuss.de\/index.php\/wp-json\/wp\/v2\/posts"}],"about":[{"href":"https:\/\/www.galerie-schmalfuss.de\/index.php\/wp-json\/wp\/v2\/types\/post"}],"author":[{"embeddable":true,"href":"https:\/\/www.galerie-schmalfuss.de\/index.php\/wp-json\/wp\/v2\/users\/6"}],"replies":[{"embeddable":true,"href":"https:\/\/www.galerie-schmalfuss.de\/index.php\/wp-json\/wp\/v2\/comments?post=2512"}],"version-history":[{"count":0,"href":"https:\/\/www.galerie-schmalfuss.de\/index.php\/wp-json\/wp\/v2\/posts\/2512\/revisions"}],"wp:featuredmedia":[{"embeddable":true,"href":"https:\/\/www.galerie-schmalfuss.de\/index.php\/wp-json\/wp\/v2\/media\/2514"}],"wp:attachment":[{"href":"https:\/\/www.galerie-schmalfuss.de\/index.php\/wp-json\/wp\/v2\/media?parent=2512"}],"wp:term":[{"taxonomy":"category","embeddable":true,"href":"https:\/\/www.galerie-schmalfuss.de\/index.php\/wp-json\/wp\/v2\/categories?post=2512"},{"taxonomy":"post_tag","embeddable":true,"href":"https:\/\/www.galerie-schmalfuss.de\/index.php\/wp-json\/wp\/v2\/tags?post=2512"}],"curies":[{"name":"wp","href":"https:\/\/api.w.org\/{rel}","templated":true}]}}