{"id":6132,"date":"2017-07-18T10:43:37","date_gmt":"2017-07-18T10:43:37","guid":{"rendered":"http:\/\/www.galerie-schmalfuss.de\/?p=6132"},"modified":"2017-09-23T11:23:07","modified_gmt":"2017-09-23T11:23:07","slug":"16-jahre-galerie-michael-w-schmalfuss-marburg","status":"publish","type":"post","link":"https:\/\/www.galerie-schmalfuss.de\/index.php\/16-jahre-galerie-michael-w-schmalfuss-marburg\/","title":{"rendered":"16 JAHRE GALERIE MICHAEL W. SCHMALFUSS MARBURG"},"content":{"rendered":"<p>&nbsp;<\/p>\n<p>Herzlich laden wir Sie am Freitag, den 24. Juni, am Abend der Nacht der Kunst um 18 Uhr zur Vernissage der Sommergruppenausstellung ein.<\/p>\n<p>&nbsp;<\/p>\n<p>In unserem historischen Gew\u00f6lbekeller zeigen wir an diesem besonderen Abend eine<\/p>\n<p>Leuchtkasteninstallation der K\u00fcnstlerin BETTINA SCH\u00dcNEMANN.<\/p>\n<p>&nbsp;<\/p>\n<p>Wir freuen uns \u00fcber ein weiteres Special des Abends.<\/p>\n<p>&nbsp;<\/p>\n<p>Die Kasseler \u00c4rzteband \u201eSwinging Doctores\u201c spielen Swing und Standard des Jazz von 19 bis 22:30 Uhr.<\/p>\n<p>&nbsp;<\/p>\n<p>Anl\u00e4sslich der Nacht der Kunst bleibt die Galerie bis 24 Uhr f\u00fcr Sie ge\u00f6ffnet.<\/p>\n<p>&nbsp;<\/p>\n<p>Wir freuen uns auf Ihren Besuch!<\/p>\n<p>&nbsp;<\/p>\n<p>&nbsp;<\/p>\n<p>&nbsp;<\/p>\n<p>&nbsp;<\/p>\n<p>&nbsp;<\/p>\n","protected":false},"excerpt":{"rendered":"<p>&nbsp; Herzlich laden wir Sie am Freitag, den 24. Juni,&#8230; <a class=\"mor_e-link\" href=\"https:\/\/www.galerie-schmalfuss.de\/index.php\/16-jahre-galerie-michael-w-schmalfuss-marburg\/\">weiter<span class=\"screen-reader-text\">16 JAHRE GALERIE MICHAEL W. SCHMALFUSS MARBURG<\/span><\/a><\/p>\n","protected":false},"author":6,"featured_media":6136,"comment_status":"closed","ping_status":"closed","sticky":false,"template":"","format":"standard","meta":{"footnotes":""},"categories":[4,6],"tags":[],"class_list":["post-6132","post","type-post","status-publish","format-standard","has-post-thumbnail","hentry","category-exhibitions","category-marburg","entry"],"_links":{"self":[{"href":"https:\/\/www.galerie-schmalfuss.de\/index.php\/wp-json\/wp\/v2\/posts\/6132","targetHints":{"allow":["GET"]}}],"collection":[{"href":"https:\/\/www.galerie-schmalfuss.de\/index.php\/wp-json\/wp\/v2\/posts"}],"about":[{"href":"https:\/\/www.galerie-schmalfuss.de\/index.php\/wp-json\/wp\/v2\/types\/post"}],"author":[{"embeddable":true,"href":"https:\/\/www.galerie-schmalfuss.de\/index.php\/wp-json\/wp\/v2\/users\/6"}],"replies":[{"embeddable":true,"href":"https:\/\/www.galerie-schmalfuss.de\/index.php\/wp-json\/wp\/v2\/comments?post=6132"}],"version-history":[{"count":0,"href":"https:\/\/www.galerie-schmalfuss.de\/index.php\/wp-json\/wp\/v2\/posts\/6132\/revisions"}],"wp:featuredmedia":[{"embeddable":true,"href":"https:\/\/www.galerie-schmalfuss.de\/index.php\/wp-json\/wp\/v2\/media\/6136"}],"wp:attachment":[{"href":"https:\/\/www.galerie-schmalfuss.de\/index.php\/wp-json\/wp\/v2\/media?parent=6132"}],"wp:term":[{"taxonomy":"category","embeddable":true,"href":"https:\/\/www.galerie-schmalfuss.de\/index.php\/wp-json\/wp\/v2\/categories?post=6132"},{"taxonomy":"post_tag","embeddable":true,"href":"https:\/\/www.galerie-schmalfuss.de\/index.php\/wp-json\/wp\/v2\/tags?post=6132"}],"curies":[{"name":"wp","href":"https:\/\/api.w.org\/{rel}","templated":true}]}}