{"id":6143,"date":"2017-07-18T11:25:15","date_gmt":"2017-07-18T11:25:15","guid":{"rendered":"http:\/\/www.galerie-schmalfuss.de\/?p=6143"},"modified":"2017-08-15T12:04:17","modified_gmt":"2017-08-15T12:04:17","slug":"meisterhaft-junge-und-alte-meister","status":"publish","type":"post","link":"https:\/\/www.galerie-schmalfuss.de\/index.php\/meisterhaft-junge-und-alte-meister\/","title":{"rendered":"MEISTERHAFT &#8211; JUNGE UND ALTE MEISTER"},"content":{"rendered":"<p>&nbsp;<\/p>\n<p>Malerei und Skulptur<\/p>\n<p>&nbsp;<\/p>\n<p>Zur Ausstellungser\u00f6ffnung am Samstag, dem <strong>05. August 2017 von 16 bis 20 Uhr <\/strong>laden wir Sie und Ihre Freunde herzlich ein.<\/p>\n<p>&nbsp;<\/p>\n<p>In unserer neu aufgelegten, periodisch wiederkehrenden Ausstellungsserie, Junge und Alte Meister, zeigen wir Arbeiten von der etablierten K\u00fcnstlerin ANGELA HAMPEL (Dresden) und den aufstrebenden \u201edeutsch-franz\u00f6sischen\u201c Jungen K\u00fcnstlern: CLEMENT LOISEL und CEDRIC LE CORF.<\/p>\n<p>&nbsp;<\/p>\n<p>Michael Schmalfu\u00df wird um 18 Uhr in die Ausstellung einf\u00fchren. Die K\u00fcnstler und wir freuen uns auf Ihren Besuch!<\/p>\n<p>&nbsp;<\/p>\n<p>&nbsp;<\/p>\n<p>&nbsp;<\/p>\n<p>&nbsp;<\/p>\n<div id='gallery-1' class='gallery galleryid-6143 gallery-columns-3 gallery-size-thumbnail'><figure class='gallery-item'>\n\t\t\t<div class='gallery-icon landscape'>\n\t\t\t\t<a href='https:\/\/www.galerie-schmalfuss.de\/wp-content\/uploads\/2017\/07\/IMG_6402-Kopie-300x212.jpg' title=\"Angela Hampel, 2017\" data-rl_title=\"Angela Hampel, 2017\" class=\"rl-gallery-link\" data-rl_caption=\"\" data-rel=\"lightbox-gallery-1\"><img decoding=\"async\" width=\"150\" height=\"150\" src=\"https:\/\/www.galerie-schmalfuss.de\/wp-content\/uploads\/2017\/07\/IMG_6402-Kopie-150x150.jpg\" class=\"attachment-thumbnail size-thumbnail\" alt=\"\" title=\"\"><\/a>\n\t\t\t<\/div><\/figure><figure class='gallery-item'>\n\t\t\t<div class='gallery-icon portrait'>\n\t\t\t\t<a href='https:\/\/www.galerie-schmalfuss.de\/wp-content\/uploads\/2017\/07\/IMG_6399-Kopie-208x300.jpg' title=\"Angela Hampel, 2017\" data-rl_title=\"Angela Hampel, 2017\" class=\"rl-gallery-link\" data-rl_caption=\"\" data-rel=\"lightbox-gallery-1\"><img decoding=\"async\" width=\"150\" height=\"150\" src=\"https:\/\/www.galerie-schmalfuss.de\/wp-content\/uploads\/2017\/07\/IMG_6399-Kopie-150x150.jpg\" class=\"attachment-thumbnail size-thumbnail\" alt=\"\" title=\"\"><\/a>\n\t\t\t<\/div><\/figure><figure class='gallery-item'>\n\t\t\t<div class='gallery-icon landscape'>\n\t\t\t\t<a href='https:\/\/www.galerie-schmalfuss.de\/wp-content\/uploads\/2017\/07\/Beauty-and-the-Biest-IMG_6397-Kopie-300x235.jpg' title=\"Clement Loisel: Beauty and the Biest. 2017, \u00d6l auf Leinwand, 139 x 181 (mit Rahmen: 142 x 182,5 cm )\" data-rl_title=\"Clement Loisel: Beauty and the Biest. 2017, \u00d6l auf Leinwand, 139 x 181 (mit Rahmen: 142 x 182,5 cm )\" class=\"rl-gallery-link\" data-rl_caption=\"\" data-rel=\"lightbox-gallery-1\"><img decoding=\"async\" width=\"150\" height=\"150\" src=\"https:\/\/www.galerie-schmalfuss.de\/wp-content\/uploads\/2017\/07\/Beauty-and-the-Biest-IMG_6397-Kopie-150x150.jpg\" class=\"attachment-thumbnail size-thumbnail\" alt=\"\" title=\"\"><\/a>\n\t\t\t<\/div><\/figure><figure class='gallery-item'>\n\t\t\t<div class='gallery-icon landscape'>\n\t\t\t\t<a href='https:\/\/www.galerie-schmalfuss.de\/wp-content\/uploads\/2017\/07\/Beauty-and-the-Biest-Detail-139x181-IMG_6398-Kopie-300x199.jpg' title=\"Clement Loisel, Beauty and the Biest (Detail), 2017, \u00d6l auf Leinwand, 139 x 181 cm\" data-rl_title=\"Clement Loisel, Beauty and the Biest (Detail), 2017, \u00d6l auf Leinwand, 139 x 181 cm\" class=\"rl-gallery-link\" data-rl_caption=\"\" data-rel=\"lightbox-gallery-1\"><img loading=\"lazy\" decoding=\"async\" width=\"150\" height=\"150\" src=\"https:\/\/www.galerie-schmalfuss.de\/wp-content\/uploads\/2017\/07\/Beauty-and-the-Biest-Detail-139x181-IMG_6398-Kopie-150x150.jpg\" class=\"attachment-thumbnail size-thumbnail\" alt=\"\" title=\"\"><\/a>\n\t\t\t<\/div><\/figure><figure class='gallery-item'>\n\t\t\t<div class='gallery-icon landscape'>\n\t\t\t\t<a href='https:\/\/www.galerie-schmalfuss.de\/wp-content\/uploads\/2017\/07\/IMG_6418-Kopie-300x211.jpg' title=\"Angela Hampel, 2017\" data-rl_title=\"Angela Hampel, 2017\" class=\"rl-gallery-link\" data-rl_caption=\"\" data-rel=\"lightbox-gallery-1\"><img loading=\"lazy\" decoding=\"async\" width=\"150\" height=\"150\" src=\"https:\/\/www.galerie-schmalfuss.de\/wp-content\/uploads\/2017\/07\/IMG_6418-Kopie-150x150.jpg\" class=\"attachment-thumbnail size-thumbnail\" alt=\"\" title=\"\"><\/a>\n\t\t\t<\/div><\/figure><figure class='gallery-item'>\n\t\t\t<div class='gallery-icon portrait'>\n\t\t\t\t<a href='https:\/\/www.galerie-schmalfuss.de\/wp-content\/uploads\/2017\/07\/IMG_6417-Kopie-197x300.jpg' title=\"Angela Hampel, 2017\" data-rl_title=\"Angela Hampel, 2017\" class=\"rl-gallery-link\" data-rl_caption=\"\" data-rel=\"lightbox-gallery-1\"><img loading=\"lazy\" decoding=\"async\" width=\"150\" height=\"150\" src=\"https:\/\/www.galerie-schmalfuss.de\/wp-content\/uploads\/2017\/07\/IMG_6417-Kopie-150x150.jpg\" class=\"attachment-thumbnail size-thumbnail\" alt=\"\" title=\"\"><\/a>\n\t\t\t<\/div><\/figure><figure class='gallery-item'>\n\t\t\t<div class='gallery-icon landscape'>\n\t\t\t\t<a href='https:\/\/www.galerie-schmalfuss.de\/wp-content\/uploads\/2017\/07\/IMG_6416-Kopie-300x235.jpg' title=\"Angela Hampel, 2017\" data-rl_title=\"Angela Hampel, 2017\" class=\"rl-gallery-link\" data-rl_caption=\"\" data-rel=\"lightbox-gallery-1\"><img loading=\"lazy\" decoding=\"async\" width=\"150\" height=\"150\" src=\"https:\/\/www.galerie-schmalfuss.de\/wp-content\/uploads\/2017\/07\/IMG_6416-Kopie-150x150.jpg\" class=\"attachment-thumbnail size-thumbnail\" alt=\"\" title=\"\"><\/a>\n\t\t\t<\/div><\/figure><figure class='gallery-item'>\n\t\t\t<div class='gallery-icon landscape'>\n\t\t\t\t<a href='https:\/\/www.galerie-schmalfuss.de\/wp-content\/uploads\/2017\/07\/IMG_6415-Kopie-300x180.jpg' title=\"Angela Hampel, 2017\" data-rl_title=\"Angela Hampel, 2017\" class=\"rl-gallery-link\" data-rl_caption=\"\" data-rel=\"lightbox-gallery-1\"><img loading=\"lazy\" decoding=\"async\" width=\"150\" height=\"150\" src=\"https:\/\/www.galerie-schmalfuss.de\/wp-content\/uploads\/2017\/07\/IMG_6415-Kopie-150x150.jpg\" class=\"attachment-thumbnail size-thumbnail\" alt=\"\" title=\"\"><\/a>\n\t\t\t<\/div><\/figure><figure class='gallery-item'>\n\t\t\t<div class='gallery-icon landscape'>\n\t\t\t\t<a href='https:\/\/www.galerie-schmalfuss.de\/wp-content\/uploads\/2017\/07\/IMG_6407-Kopie-300x207.jpg' title=\"Angela Hampel, 2017\" data-rl_title=\"Angela Hampel, 2017\" class=\"rl-gallery-link\" data-rl_caption=\"\" data-rel=\"lightbox-gallery-1\"><img loading=\"lazy\" decoding=\"async\" width=\"150\" height=\"150\" src=\"https:\/\/www.galerie-schmalfuss.de\/wp-content\/uploads\/2017\/07\/IMG_6407-Kopie-150x150.jpg\" class=\"attachment-thumbnail size-thumbnail\" alt=\"\" title=\"\"><\/a>\n\t\t\t<\/div><\/figure><figure class='gallery-item'>\n\t\t\t<div class='gallery-icon portrait'>\n\t\t\t\t<a href='https:\/\/www.galerie-schmalfuss.de\/wp-content\/uploads\/2017\/07\/Rio-Morto-Kopie-198x300.jpg' title=\"Clement Loisel: Rio Morto, 2016, \u00d6l auf Leinwand, 240 x 160 cm\" data-rl_title=\"Clement Loisel: Rio Morto, 2016, \u00d6l auf Leinwand, 240 x 160 cm\" class=\"rl-gallery-link\" data-rl_caption=\"\" data-rel=\"lightbox-gallery-1\"><img loading=\"lazy\" decoding=\"async\" width=\"150\" height=\"150\" src=\"https:\/\/www.galerie-schmalfuss.de\/wp-content\/uploads\/2017\/07\/Rio-Morto-Kopie-150x150.jpg\" class=\"attachment-thumbnail size-thumbnail\" alt=\"\" title=\"\"><\/a>\n\t\t\t<\/div><\/figure><figure class='gallery-item'>\n\t\t\t<div class='gallery-icon landscape'>\n\t\t\t\t<a href='https:\/\/www.galerie-schmalfuss.de\/wp-content\/uploads\/2017\/07\/La-chute-IMG_6396-Kopie-300x198.jpg' title=\"Clement Loisel: La chute, 2015, \u00d6l und Graphit auf Leinwand, 210 x 140 cm\" data-rl_title=\"Clement Loisel: La chute, 2015, \u00d6l und Graphit auf Leinwand, 210 x 140 cm\" class=\"rl-gallery-link\" data-rl_caption=\"\" data-rel=\"lightbox-gallery-1\"><img loading=\"lazy\" decoding=\"async\" width=\"150\" height=\"150\" src=\"https:\/\/www.galerie-schmalfuss.de\/wp-content\/uploads\/2017\/07\/La-chute-IMG_6396-Kopie-150x150.jpg\" class=\"attachment-thumbnail size-thumbnail\" alt=\"\" title=\"\"><\/a>\n\t\t\t<\/div><\/figure><figure class='gallery-item'>\n\t\t\t<div class='gallery-icon portrait'>\n\t\t\t\t<a href='https:\/\/www.galerie-schmalfuss.de\/wp-content\/uploads\/2017\/07\/Humanae-Libertas-IMG_6390-Kopie-250x300.jpg' title=\"Clement Loisel: Humanae Libertas, 2016, \u00d6l auf Leinwand, 120 x 100 cm\" data-rl_title=\"Clement Loisel: Humanae Libertas, 2016, \u00d6l auf Leinwand, 120 x 100 cm\" class=\"rl-gallery-link\" data-rl_caption=\"\" data-rel=\"lightbox-gallery-1\"><img loading=\"lazy\" decoding=\"async\" width=\"150\" height=\"150\" src=\"https:\/\/www.galerie-schmalfuss.de\/wp-content\/uploads\/2017\/07\/Humanae-Libertas-IMG_6390-Kopie-150x150.jpg\" class=\"attachment-thumbnail size-thumbnail\" alt=\"\" title=\"\"><\/a>\n\t\t\t<\/div><\/figure><figure class='gallery-item'>\n\t\t\t<div class='gallery-icon landscape'>\n\t\t\t\t<a href='https:\/\/www.galerie-schmalfuss.de\/wp-content\/uploads\/2017\/07\/201201GF1_1080061-Kopie-300x296.jpg' title=\"Angela Hampel: Maria und Gabriel, 2012, Mischtechnik auf Papier 100 x 100 cm\" data-rl_title=\"Angela Hampel: Maria und Gabriel, 2012, Mischtechnik auf Papier 100 x 100 cm\" class=\"rl-gallery-link\" data-rl_caption=\"\" data-rel=\"lightbox-gallery-1\"><img loading=\"lazy\" decoding=\"async\" width=\"150\" height=\"150\" src=\"https:\/\/www.galerie-schmalfuss.de\/wp-content\/uploads\/2017\/07\/201201GF1_1080061-Kopie-150x150.jpg\" class=\"attachment-thumbnail size-thumbnail\" alt=\"\" title=\"\"><\/a>\n\t\t\t<\/div><\/figure><figure class='gallery-item'>\n\t\t\t<div class='gallery-icon portrait'>\n\t\t\t\t<a href='https:\/\/www.galerie-schmalfuss.de\/wp-content\/uploads\/2017\/07\/C.Le-Corf-Radius-Cubitus-Ansicht-2-2014-Holz-und-Porzellan-85x60x15cm-Kopie-215x300.jpg' title=\"C.Le Dorf: Radius-Cubitus (Detail), 2014, Porzellan und Holz, 85 x 60 x 15 cm\" data-rl_title=\"C.Le Dorf: Radius-Cubitus (Detail), 2014, Porzellan und Holz, 85 x 60 x 15 cm\" class=\"rl-gallery-link\" data-rl_caption=\"\" data-rel=\"lightbox-gallery-1\"><img loading=\"lazy\" decoding=\"async\" width=\"150\" height=\"150\" src=\"https:\/\/www.galerie-schmalfuss.de\/wp-content\/uploads\/2017\/07\/C.Le-Corf-Radius-Cubitus-Ansicht-2-2014-Holz-und-Porzellan-85x60x15cm-Kopie-150x150.jpg\" class=\"attachment-thumbnail size-thumbnail\" alt=\"\" title=\"\"><\/a>\n\t\t\t<\/div><\/figure><figure class='gallery-item'>\n\t\t\t<div class='gallery-icon landscape'>\n\t\t\t\t<a href='https:\/\/www.galerie-schmalfuss.de\/wp-content\/uploads\/2017\/07\/C.-Le-CorfUterus-Gravidus-d\u00e9tail2014-porcelain-and-wood-44x24cm-Kopie-300x199.jpg' title=\"C. Le Dorf: Uterus Gravidus (Detail), 2014, Porzellan und Holz, 44 x 24 cm\" data-rl_title=\"C. Le Dorf: Uterus Gravidus (Detail), 2014, Porzellan und Holz, 44 x 24 cm\" class=\"rl-gallery-link\" data-rl_caption=\"\" data-rel=\"lightbox-gallery-1\"><img loading=\"lazy\" decoding=\"async\" width=\"150\" height=\"150\" src=\"https:\/\/www.galerie-schmalfuss.de\/wp-content\/uploads\/2017\/07\/C.-Le-CorfUterus-Gravidus-d\u00e9tail2014-porcelain-and-wood-44x24cm-Kopie-150x150.jpg\" class=\"attachment-thumbnail size-thumbnail\" alt=\"\" title=\"\"><\/a>\n\t\t\t<\/div><\/figure><figure class='gallery-item'>\n\t\t\t<div class='gallery-icon portrait'>\n\t\t\t\t<a href='https:\/\/www.galerie-schmalfuss.de\/wp-content\/uploads\/2017\/07\/Netre_Plateforme_11-Kopie-215x300.jpg' title=\"C. Le Dorf: Uterus Gravidus, 2014, Porzellan und Holz, 44 x 24 cm\" data-rl_title=\"C. Le Dorf: Uterus Gravidus, 2014, Porzellan und Holz, 44 x 24 cm\" class=\"rl-gallery-link\" data-rl_caption=\"\" data-rel=\"lightbox-gallery-1\"><img loading=\"lazy\" decoding=\"async\" width=\"150\" height=\"150\" src=\"https:\/\/www.galerie-schmalfuss.de\/wp-content\/uploads\/2017\/07\/Netre_Plateforme_11-Kopie-150x150.jpg\" class=\"attachment-thumbnail size-thumbnail\" alt=\"\" title=\"\"><\/a>\n\t\t\t<\/div><\/figure><figure class='gallery-item'>\n\t\t\t<div class='gallery-icon portrait'>\n\t\t\t\t<a href='https:\/\/www.galerie-schmalfuss.de\/wp-content\/uploads\/2017\/07\/Yuka-au-fauteuil-Kopie1-222x300.jpg' title=\"Clement Loisel: Yuka au fauteuil\" data-rl_title=\"Clement Loisel: Yuka au fauteuil\" class=\"rl-gallery-link\" data-rl_caption=\"\" data-rel=\"lightbox-gallery-1\"><img loading=\"lazy\" decoding=\"async\" width=\"150\" height=\"150\" src=\"https:\/\/www.galerie-schmalfuss.de\/wp-content\/uploads\/2017\/07\/Yuka-au-fauteuil-Kopie1-150x150.jpg\" class=\"attachment-thumbnail size-thumbnail\" alt=\"\" title=\"\"><\/a>\n\t\t\t<\/div><\/figure><figure class='gallery-item'>\n\t\t\t<div class='gallery-icon portrait'>\n\t\t\t\t<a href='https:\/\/www.galerie-schmalfuss.de\/wp-content\/uploads\/2017\/07\/Diplomacy-Kopie2-199x300.jpg' title=\"Clement Loisel: Diplomacy, 2017, \u00d6l auf Leinwand, 150 x 100 cm\" data-rl_title=\"Clement Loisel: Diplomacy, 2017, \u00d6l auf Leinwand, 150 x 100 cm\" class=\"rl-gallery-link\" data-rl_caption=\"\" data-rel=\"lightbox-gallery-1\"><img loading=\"lazy\" decoding=\"async\" width=\"150\" height=\"150\" src=\"https:\/\/www.galerie-schmalfuss.de\/wp-content\/uploads\/2017\/07\/Diplomacy-Kopie2-150x150.jpg\" class=\"attachment-thumbnail size-thumbnail\" alt=\"\" title=\"\"><\/a>\n\t\t\t<\/div><\/figure><figure class='gallery-item'>\n\t\t\t<div class='gallery-icon landscape'>\n\t\t\t\t<a href='https:\/\/www.galerie-schmalfuss.de\/wp-content\/uploads\/2017\/07\/Gold-and-Blue-2-Kopie1.jpg' title=\"Clement Loisel: Gold and Blue 2, 2015, \u00d6l auf Leinwand, 180 x 160 cm\" data-rl_title=\"Clement Loisel: Gold and Blue 2, 2015, \u00d6l auf Leinwand, 180 x 160 cm\" class=\"rl-gallery-link\" data-rl_caption=\"\" data-rel=\"lightbox-gallery-1\"><img loading=\"lazy\" decoding=\"async\" width=\"150\" height=\"150\" src=\"https:\/\/www.galerie-schmalfuss.de\/wp-content\/uploads\/2017\/07\/Gold-and-Blue-2-Kopie1-150x150.jpg\" class=\"attachment-thumbnail size-thumbnail\" alt=\"\" title=\"\"><\/a>\n\t\t\t<\/div><\/figure>\n\t\t<\/div>\n\n","protected":false},"excerpt":{"rendered":"<p>ANGELA HAMPEL , CLEMENT LOISEL und CEDRIC LE CORF<br \/>\nMalerei und Skulptur<br \/>\nVernissage: 05. August 2017 von 16 bis 20 Uhr<br \/>\nMichael Schmalfu\u00df wird um 18 Uhr in die Ausstellung einf\u00fchren.<br \/>\nDie K\u00fcnstler und wir freuen uns auf Ihren Besuch! <a class=\"mor_e-link\" href=\"https:\/\/www.galerie-schmalfuss.de\/index.php\/meisterhaft-junge-und-alte-meister\/\">weiter<span class=\"screen-reader-text\">MEISTERHAFT &#8211; JUNGE UND ALTE MEISTER<\/span><\/a><\/p>\n","protected":false},"author":6,"featured_media":6167,"comment_status":"closed","ping_status":"closed","sticky":false,"template":"","format":"standard","meta":{"footnotes":""},"categories":[4,5],"tags":[],"class_list":["post-6143","post","type-post","status-publish","format-standard","has-post-thumbnail","hentry","category-exhibitions","category-berlin","entry"],"_links":{"self":[{"href":"https:\/\/www.galerie-schmalfuss.de\/index.php\/wp-json\/wp\/v2\/posts\/6143","targetHints":{"allow":["GET"]}}],"collection":[{"href":"https:\/\/www.galerie-schmalfuss.de\/index.php\/wp-json\/wp\/v2\/posts"}],"about":[{"href":"https:\/\/www.galerie-schmalfuss.de\/index.php\/wp-json\/wp\/v2\/types\/post"}],"author":[{"embeddable":true,"href":"https:\/\/www.galerie-schmalfuss.de\/index.php\/wp-json\/wp\/v2\/users\/6"}],"replies":[{"embeddable":true,"href":"https:\/\/www.galerie-schmalfuss.de\/index.php\/wp-json\/wp\/v2\/comments?post=6143"}],"version-history":[{"count":0,"href":"https:\/\/www.galerie-schmalfuss.de\/index.php\/wp-json\/wp\/v2\/posts\/6143\/revisions"}],"wp:featuredmedia":[{"embeddable":true,"href":"https:\/\/www.galerie-schmalfuss.de\/index.php\/wp-json\/wp\/v2\/media\/6167"}],"wp:attachment":[{"href":"https:\/\/www.galerie-schmalfuss.de\/index.php\/wp-json\/wp\/v2\/media?parent=6143"}],"wp:term":[{"taxonomy":"category","embeddable":true,"href":"https:\/\/www.galerie-schmalfuss.de\/index.php\/wp-json\/wp\/v2\/categories?post=6143"},{"taxonomy":"post_tag","embeddable":true,"href":"https:\/\/www.galerie-schmalfuss.de\/index.php\/wp-json\/wp\/v2\/tags?post=6143"}],"curies":[{"name":"wp","href":"https:\/\/api.w.org\/{rel}","templated":true}]}}