{"id":7221,"date":"2018-10-05T13:46:27","date_gmt":"2018-10-05T13:46:27","guid":{"rendered":"https:\/\/www.galerie-schmalfuss.de\/?p=7221"},"modified":"2019-06-08T15:03:04","modified_gmt":"2019-06-08T15:03:04","slug":"die-innenwelt-der-ausenwelt-i-jurgen-durner-und-fredder-wanoth","status":"publish","type":"post","link":"https:\/\/www.galerie-schmalfuss.de\/index.php\/die-innenwelt-der-ausenwelt-i-jurgen-durner-und-fredder-wanoth\/","title":{"rendered":"Die Innenwelt der Au\u00dfenwelt"},"content":{"rendered":"<p><a  href=\"https:\/\/www.galerie-schmalfuss.de\/wp-content\/uploads\/2018\/10\/Raumkapsel1.jpg\" data-rel=\"lightbox-gallery-1\" data-rl_title=\"J\u00dcRGEN DURNER, Raumkapsel, \u00d6l auf Leinwand, 100 x 130 cm, 2018\" data-rl_caption=\"\"><img fetchpriority=\"high\" decoding=\"async\" class=\"alignleft size-medium wp-image-7362\" title=\"J\u00dcRGEN DURNER, Raumkapsel, \u00d6l auf Leinwand, 100 x 130 cm, 2018\" src=\"https:\/\/www.galerie-schmalfuss.de\/wp-content\/uploads\/2018\/10\/Raumkapsel1-300x226.jpg\" alt=\"\" width=\"300\" height=\"226\" srcset=\"https:\/\/www.galerie-schmalfuss.de\/wp-content\/uploads\/2018\/10\/Raumkapsel1-300x226.jpg 300w, https:\/\/www.galerie-schmalfuss.de\/wp-content\/uploads\/2018\/10\/Raumkapsel1.jpg 920w\" sizes=\"(max-width: 300px) 100vw, 300px\" \/><\/a><\/p>\n<p><strong>Die Innenwelt der Au\u00dfenwelt<\/strong><\/p>\n<p><strong><strong>Malerei I Skulptur<\/strong><\/strong><\/p>\n<p>J\u00dcRGEN DURNER und FREDDER WANOTH<\/p>\n<p>Zur Ausstellungser\u00f6ffnung am Samstag, den<strong>\u00a0 13. Oktober von 16 bis 20 Uhr\u00a0<\/strong>laden wir Sie und Ihre Freunde herzlich ein.<\/p>\n<p>Unsere neue Ausstellung &#8222;<strong>Die Innenwelt der Au\u00dfenwelt<\/strong>&#8220; zeigt Werke von\u00a0J\u00dcRGEN DURNER und FREDDER WANOTH.<\/p>\n<p>Michael Schmalfu\u00df wird um 18 Uhr in die Ausstellung einf\u00fchren.<\/p>\n<p>Die K\u00fcnstler und wir freuen uns auf Ihren Besuch!<\/p>\n<div id='gallery-1' class='gallery galleryid-7221 gallery-columns-3 gallery-size-thumbnail'><figure class='gallery-item'>\n\t\t\t<div class='gallery-icon portrait'>\n\t\t\t\t<a href='https:\/\/www.galerie-schmalfuss.de\/wp-content\/uploads\/2018\/10\/Polyphrenie-203x300.jpg' title=\"J\u00dcRGEN DURNER, Polyphrenie, \u00d6l auf Leinwand, 200 x 150 cm, 2017\" data-rl_title=\"J\u00dcRGEN DURNER, Polyphrenie, \u00d6l auf Leinwand, 200 x 150 cm, 2017\" class=\"rl-gallery-link\" data-rl_caption=\"\" data-rel=\"lightbox-gallery-1\"><img decoding=\"async\" width=\"150\" height=\"150\" src=\"https:\/\/www.galerie-schmalfuss.de\/wp-content\/uploads\/2018\/10\/Polyphrenie-150x150.jpg\" class=\"attachment-thumbnail size-thumbnail\" alt=\"\" title=\"\"><\/a>\n\t\t\t<\/div><\/figure><figure class='gallery-item'>\n\t\t\t<div class='gallery-icon landscape'>\n\t\t\t\t<a href='https:\/\/www.galerie-schmalfuss.de\/wp-content\/uploads\/2018\/10\/D\u00e4monen-300x223.jpg' title=\"J\u00dcRGEN DURNER, D\u00e4monen, \u00d6l auf Leinwand, 150 x 200 cm, 2017\" data-rl_title=\"J\u00dcRGEN DURNER, D\u00e4monen, \u00d6l auf Leinwand, 150 x 200 cm, 2017\" class=\"rl-gallery-link\" data-rl_caption=\"\" data-rel=\"lightbox-gallery-1\"><img decoding=\"async\" width=\"150\" height=\"150\" src=\"https:\/\/www.galerie-schmalfuss.de\/wp-content\/uploads\/2018\/10\/D\u00e4monen-150x150.jpg\" class=\"attachment-thumbnail size-thumbnail\" alt=\"\" title=\"\"><\/a>\n\t\t\t<\/div><\/figure><figure class='gallery-item'>\n\t\t\t<div class='gallery-icon portrait'>\n\t\t\t\t<a href='https:\/\/www.galerie-schmalfuss.de\/wp-content\/uploads\/2018\/10\/Biopolar_2018_220x150-Kopie-2-206x300.jpg' title=\"J\u00dcRGEN DURNER, Biopolar, \u00d6l auf Leinwand, 220&#215;150 cm, 2018\" data-rl_title=\"J\u00dcRGEN DURNER, Biopolar, \u00d6l auf Leinwand, 220&#215;150 cm, 2018\" class=\"rl-gallery-link\" data-rl_caption=\"\" data-rel=\"lightbox-gallery-1\"><img loading=\"lazy\" decoding=\"async\" width=\"150\" height=\"150\" src=\"https:\/\/www.galerie-schmalfuss.de\/wp-content\/uploads\/2018\/10\/Biopolar_2018_220x150-Kopie-2-150x150.jpg\" class=\"attachment-thumbnail size-thumbnail\" alt=\"\" title=\"\"><\/a>\n\t\t\t<\/div><\/figure><figure class='gallery-item'>\n\t\t\t<div class='gallery-icon portrait'>\n\t\t\t\t<a href='https:\/\/www.galerie-schmalfuss.de\/wp-content\/uploads\/2018\/10\/Platane-298x300.jpg' title=\"J\u00dcRGEN DURNER, Platane, \u00d6l auf Leinwand, 200 x 200 cm, 2018\" data-rl_title=\"J\u00dcRGEN DURNER, Platane, \u00d6l auf Leinwand, 200 x 200 cm, 2018\" class=\"rl-gallery-link\" data-rl_caption=\"\" data-rel=\"lightbox-gallery-1\"><img loading=\"lazy\" decoding=\"async\" width=\"150\" height=\"150\" src=\"https:\/\/www.galerie-schmalfuss.de\/wp-content\/uploads\/2018\/10\/Platane-150x150.jpg\" class=\"attachment-thumbnail size-thumbnail\" alt=\"\" srcset=\"https:\/\/www.galerie-schmalfuss.de\/wp-content\/uploads\/2018\/10\/Platane-150x150.jpg 150w, https:\/\/www.galerie-schmalfuss.de\/wp-content\/uploads\/2018\/10\/Platane-298x300.jpg 298w, https:\/\/www.galerie-schmalfuss.de\/wp-content\/uploads\/2018\/10\/Platane-1018x1024.jpg 1018w, https:\/\/www.galerie-schmalfuss.de\/wp-content\/uploads\/2018\/10\/Platane.jpg 1049w\" sizes=\"(max-width: 150px) 100vw, 150px\" title=\"\"><\/a>\n\t\t\t<\/div><\/figure><figure class='gallery-item'>\n\t\t\t<div class='gallery-icon landscape'>\n\t\t\t\t<a href='https:\/\/www.galerie-schmalfuss.de\/wp-content\/uploads\/2018\/10\/Flying_Objects_2018_150x150_selbst-Kopie1-300x300.jpg' title=\"J\u00dcRGEN DURNER, Flying Objects, \u00d6l auf Leinwand, 150&#215;150 cm, 2018\" data-rl_title=\"J\u00dcRGEN DURNER, Flying Objects, \u00d6l auf Leinwand, 150&#215;150 cm, 2018\" class=\"rl-gallery-link\" data-rl_caption=\"\" data-rel=\"lightbox-gallery-1\"><img loading=\"lazy\" decoding=\"async\" width=\"150\" height=\"150\" src=\"https:\/\/www.galerie-schmalfuss.de\/wp-content\/uploads\/2018\/10\/Flying_Objects_2018_150x150_selbst-Kopie1-150x150.jpg\" class=\"attachment-thumbnail size-thumbnail\" alt=\"\" srcset=\"https:\/\/www.galerie-schmalfuss.de\/wp-content\/uploads\/2018\/10\/Flying_Objects_2018_150x150_selbst-Kopie1-150x150.jpg 150w, https:\/\/www.galerie-schmalfuss.de\/wp-content\/uploads\/2018\/10\/Flying_Objects_2018_150x150_selbst-Kopie1-300x300.jpg 300w, https:\/\/www.galerie-schmalfuss.de\/wp-content\/uploads\/2018\/10\/Flying_Objects_2018_150x150_selbst-Kopie1-1024x1022.jpg 1024w, https:\/\/www.galerie-schmalfuss.de\/wp-content\/uploads\/2018\/10\/Flying_Objects_2018_150x150_selbst-Kopie1.jpg 1049w\" sizes=\"(max-width: 150px) 100vw, 150px\" title=\"\"><\/a>\n\t\t\t<\/div><\/figure><figure class='gallery-item'>\n\t\t\t<div class='gallery-icon landscape'>\n\t\t\t\t<a href='https:\/\/www.galerie-schmalfuss.de\/wp-content\/uploads\/2018\/10\/Durner_Mozt_2017_130x190_Oel_Leinw-Kopie-2-300x203.jpg' title=\"J\u00dcRGEN DURNER, Mozt, , \u00d6l auf Leinwand, 130&#215;190 cm, 2017\" data-rl_title=\"J\u00dcRGEN DURNER, Mozt, , \u00d6l auf Leinwand, 130&#215;190 cm, 2017\" class=\"rl-gallery-link\" data-rl_caption=\"\" data-rel=\"lightbox-gallery-1\"><img loading=\"lazy\" decoding=\"async\" width=\"150\" height=\"150\" src=\"https:\/\/www.galerie-schmalfuss.de\/wp-content\/uploads\/2018\/10\/Durner_Mozt_2017_130x190_Oel_Leinw-Kopie-2-150x150.jpg\" class=\"attachment-thumbnail size-thumbnail\" alt=\"\" title=\"\"><\/a>\n\t\t\t<\/div><\/figure><figure class='gallery-item'>\n\t\t\t<div class='gallery-icon landscape'>\n\t\t\t\t<a href='https:\/\/www.galerie-schmalfuss.de\/wp-content\/uploads\/2018\/10\/Beben_2018_130x180-Kopie-2-300x217.jpg' title=\"J\u00dcRGEN DURNER, Beben, \u00d6l auf Leinwand, 130&#215;180 cm, 2018\" data-rl_title=\"J\u00dcRGEN DURNER, Beben, \u00d6l auf Leinwand, 130&#215;180 cm, 2018\" class=\"rl-gallery-link\" data-rl_caption=\"\" data-rel=\"lightbox-gallery-1\"><img loading=\"lazy\" decoding=\"async\" width=\"150\" height=\"150\" src=\"https:\/\/www.galerie-schmalfuss.de\/wp-content\/uploads\/2018\/10\/Beben_2018_130x180-Kopie-2-150x150.jpg\" class=\"attachment-thumbnail size-thumbnail\" alt=\"\" title=\"\"><\/a>\n\t\t\t<\/div><\/figure><figure class='gallery-item'>\n\t\t\t<div class='gallery-icon landscape'>\n\t\t\t\t<a href='https:\/\/www.galerie-schmalfuss.de\/wp-content\/uploads\/2018\/10\/Raumkapsel1-300x226.jpg' title=\"J\u00dcRGEN DURNER, Raumkapsel, \u00d6l auf Leinwand, 100 x 130 cm, 2018\" data-rl_title=\"J\u00dcRGEN DURNER, Raumkapsel, \u00d6l auf Leinwand, 100 x 130 cm, 2018\" class=\"rl-gallery-link\" data-rl_caption=\"\" data-rel=\"lightbox-gallery-1\"><img loading=\"lazy\" decoding=\"async\" width=\"150\" height=\"150\" src=\"https:\/\/www.galerie-schmalfuss.de\/wp-content\/uploads\/2018\/10\/Raumkapsel1-150x150.jpg\" class=\"attachment-thumbnail size-thumbnail\" alt=\"\" title=\"\"><\/a>\n\t\t\t<\/div><\/figure><figure class='gallery-item'>\n\t\t\t<div class='gallery-icon landscape'>\n\t\t\t\t<a href='https:\/\/www.galerie-schmalfuss.de\/wp-content\/uploads\/2018\/10\/Der_Palast_des_Emirs_2016_150x250-Kopie-2-300x179.jpg' title=\"J\u00dcRGEN DURNER, Der Palast des Emirs, \u00d6l auf Leinwand, 150&#215;250 cm, 2016\" data-rl_title=\"J\u00dcRGEN DURNER, Der Palast des Emirs, \u00d6l auf Leinwand, 150&#215;250 cm, 2016\" class=\"rl-gallery-link\" data-rl_caption=\"\" data-rel=\"lightbox-gallery-1\"><img loading=\"lazy\" decoding=\"async\" width=\"150\" height=\"150\" src=\"https:\/\/www.galerie-schmalfuss.de\/wp-content\/uploads\/2018\/10\/Der_Palast_des_Emirs_2016_150x250-Kopie-2-150x150.jpg\" class=\"attachment-thumbnail size-thumbnail\" alt=\"\" title=\"\"><\/a>\n\t\t\t<\/div><\/figure><figure class='gallery-item'>\n\t\t\t<div class='gallery-icon landscape'>\n\t\t\t\t<a href='https:\/\/www.galerie-schmalfuss.de\/wp-content\/uploads\/2018\/10\/Wasserhaus_2017_120x120-Kopie-2-300x298.jpg' title=\"J\u00dcRGEN DURNER, Wasserhaus, \u00d6l auf Leinwand, 120&#215;120 cm, 2017\" data-rl_title=\"J\u00dcRGEN DURNER, Wasserhaus, \u00d6l auf Leinwand, 120&#215;120 cm, 2017\" class=\"rl-gallery-link\" data-rl_caption=\"\" data-rel=\"lightbox-gallery-1\"><img loading=\"lazy\" decoding=\"async\" width=\"150\" height=\"150\" src=\"https:\/\/www.galerie-schmalfuss.de\/wp-content\/uploads\/2018\/10\/Wasserhaus_2017_120x120-Kopie-2-150x150.jpg\" class=\"attachment-thumbnail size-thumbnail\" alt=\"\" srcset=\"https:\/\/www.galerie-schmalfuss.de\/wp-content\/uploads\/2018\/10\/Wasserhaus_2017_120x120-Kopie-2-150x150.jpg 150w, https:\/\/www.galerie-schmalfuss.de\/wp-content\/uploads\/2018\/10\/Wasserhaus_2017_120x120-Kopie-2-300x298.jpg 300w, https:\/\/www.galerie-schmalfuss.de\/wp-content\/uploads\/2018\/10\/Wasserhaus_2017_120x120-Kopie-2.jpg 570w\" sizes=\"(max-width: 150px) 100vw, 150px\" title=\"\"><\/a>\n\t\t\t<\/div><\/figure><figure class='gallery-item'>\n\t\t\t<div class='gallery-icon portrait'>\n\t\t\t\t<a href='https:\/\/www.galerie-schmalfuss.de\/wp-content\/uploads\/2018\/10\/Schacht_2017_250x190-Kopie-2-228x300.jpg' title=\"J\u00dcRGEN DURNER, Schacht, \u00d6l auf Leinwand, 250 x 190 cm, 2017\" data-rl_title=\"J\u00dcRGEN DURNER, Schacht, \u00d6l auf Leinwand, 250 x 190 cm, 2017\" class=\"rl-gallery-link\" data-rl_caption=\"\" data-rel=\"lightbox-gallery-1\"><img loading=\"lazy\" decoding=\"async\" width=\"150\" height=\"150\" src=\"https:\/\/www.galerie-schmalfuss.de\/wp-content\/uploads\/2018\/10\/Schacht_2017_250x190-Kopie-2-150x150.jpg\" class=\"attachment-thumbnail size-thumbnail\" alt=\"\" title=\"\"><\/a>\n\t\t\t<\/div><\/figure><figure class='gallery-item'>\n\t\t\t<div class='gallery-icon landscape'>\n\t\t\t\t<a href='https:\/\/www.galerie-schmalfuss.de\/wp-content\/uploads\/2018\/10\/Durner_Feindliche_Uebernahme_2016_110x150_Oel_Leinw-Kopie-300x219.jpg' title=\"J\u00dcRGEN DURNER, Feindliche Uebernahme, \u00d6l auf Leinwand, 110&#215;150 cm, 2016\" data-rl_title=\"J\u00dcRGEN DURNER, Feindliche Uebernahme, \u00d6l auf Leinwand, 110&#215;150 cm, 2016\" class=\"rl-gallery-link\" data-rl_caption=\"\" data-rel=\"lightbox-gallery-1\"><img loading=\"lazy\" decoding=\"async\" width=\"150\" height=\"150\" src=\"https:\/\/www.galerie-schmalfuss.de\/wp-content\/uploads\/2018\/10\/Durner_Feindliche_Uebernahme_2016_110x150_Oel_Leinw-Kopie-150x150.jpg\" class=\"attachment-thumbnail size-thumbnail\" alt=\"\" title=\"\"><\/a>\n\t\t\t<\/div><\/figure><figure class='gallery-item'>\n\t\t\t<div class='gallery-icon portrait'>\n\t\t\t\t<a href='https:\/\/www.galerie-schmalfuss.de\/wp-content\/uploads\/2018\/10\/P1120877-1-Kopie-225x300.jpg' title=\"Fredder Wanoth, Santa Deformatia Professionale, Holz, Weinkorken, H\u00e4moglobin, 70 x 110 x 60 cm, 2018\" data-rl_title=\"Fredder Wanoth, Santa Deformatia Professionale, Holz, Weinkorken, H\u00e4moglobin, 70 x 110 x 60 cm, 2018\" class=\"rl-gallery-link\" data-rl_caption=\"\" data-rel=\"lightbox-gallery-1\"><img loading=\"lazy\" decoding=\"async\" width=\"150\" height=\"150\" src=\"https:\/\/www.galerie-schmalfuss.de\/wp-content\/uploads\/2018\/10\/P1120877-1-Kopie-150x150.jpg\" class=\"attachment-thumbnail size-thumbnail\" alt=\"\" title=\"\"><\/a>\n\t\t\t<\/div><\/figure><figure class='gallery-item'>\n\t\t\t<div class='gallery-icon portrait'>\n\t\t\t\t<a href='https:\/\/www.galerie-schmalfuss.de\/wp-content\/uploads\/2018\/10\/Italia-Kopie-274x300.jpg' title=\"Fredder Wanoth, Italia, Holz, bemalt, Karton, 79 x 76 x 32 cm\" data-rl_title=\"Fredder Wanoth, Italia, Holz, bemalt, Karton, 79 x 76 x 32 cm\" class=\"rl-gallery-link\" data-rl_caption=\"\" data-rel=\"lightbox-gallery-1\"><img loading=\"lazy\" decoding=\"async\" width=\"150\" height=\"150\" src=\"https:\/\/www.galerie-schmalfuss.de\/wp-content\/uploads\/2018\/10\/Italia-Kopie-150x150.jpg\" class=\"attachment-thumbnail size-thumbnail\" alt=\"\" title=\"\"><\/a>\n\t\t\t<\/div><\/figure><figure class='gallery-item'>\n\t\t\t<div class='gallery-icon landscape'>\n\t\t\t\t<a href='https:\/\/www.galerie-schmalfuss.de\/wp-content\/uploads\/2018\/10\/IMG_8632-Kopie-300x172.jpg' title=\"Fredder Wanoth, Hope &#038; Co., Holz, bemalt, 37 x 89 x 14 cm\" data-rl_title=\"Fredder Wanoth, Hope &#038; Co., Holz, bemalt, 37 x 89 x 14 cm\" class=\"rl-gallery-link\" data-rl_caption=\"\" data-rel=\"lightbox-gallery-1\"><img loading=\"lazy\" decoding=\"async\" width=\"150\" height=\"150\" src=\"https:\/\/www.galerie-schmalfuss.de\/wp-content\/uploads\/2018\/10\/IMG_8632-Kopie-150x150.jpg\" class=\"attachment-thumbnail size-thumbnail\" alt=\"\" title=\"\"><\/a>\n\t\t\t<\/div><\/figure><figure class='gallery-item'>\n\t\t\t<div class='gallery-icon portrait'>\n\t\t\t\t<a href='https:\/\/www.galerie-schmalfuss.de\/wp-content\/uploads\/2018\/10\/Hochgobernitz-klein-277x300.jpg' title=\"Fredder Wanoth, Hochgobernitz, Karton, 65 x 85 x 43 cm, 2018\" data-rl_title=\"Fredder Wanoth, Hochgobernitz, Karton, 65 x 85 x 43 cm, 2018\" class=\"rl-gallery-link\" data-rl_caption=\"\" data-rel=\"lightbox-gallery-1\"><img loading=\"lazy\" decoding=\"async\" width=\"150\" height=\"150\" src=\"https:\/\/www.galerie-schmalfuss.de\/wp-content\/uploads\/2018\/10\/Hochgobernitz-klein-150x150.jpg\" class=\"attachment-thumbnail size-thumbnail\" alt=\"\" title=\"\"><\/a>\n\t\t\t<\/div><\/figure><figure class='gallery-item'>\n\t\t\t<div class='gallery-icon portrait'>\n\t\t\t\t<a href='https:\/\/www.galerie-schmalfuss.de\/wp-content\/uploads\/2018\/10\/Fredder0114-Kopie-2-175x300.jpg' title=\"Fredder Wanoth, Die Unentschlossenheit Otto Wagners beim Entwurf der Wiener Ring-und Vorortbahnen , Holz, Feuerwerksst\u00e4be, bemalt, 60 x 40 x 40 cm, 2002\" data-rl_title=\"Fredder Wanoth, Die Unentschlossenheit Otto Wagners beim Entwurf der Wiener Ring-und Vorortbahnen , Holz, Feuerwerksst\u00e4be, bemalt, 60 x 40 x 40 cm, 2002\" class=\"rl-gallery-link\" data-rl_caption=\"\" data-rel=\"lightbox-gallery-1\"><img loading=\"lazy\" decoding=\"async\" width=\"150\" height=\"150\" src=\"https:\/\/www.galerie-schmalfuss.de\/wp-content\/uploads\/2018\/10\/Fredder0114-Kopie-2-150x150.jpg\" class=\"attachment-thumbnail size-thumbnail\" alt=\"\" title=\"\"><\/a>\n\t\t\t<\/div><\/figure><figure class='gallery-item'>\n\t\t\t<div class='gallery-icon portrait'>\n\t\t\t\t<a href='https:\/\/www.galerie-schmalfuss.de\/wp-content\/uploads\/2018\/10\/Perugia-kl-213x300.jpg' title=\"Fredder Wanoth, Perugia, Karton bemalt, 90 x 116 x 52 cm, 1996\" data-rl_title=\"Fredder Wanoth, Perugia, Karton bemalt, 90 x 116 x 52 cm, 1996\" class=\"rl-gallery-link\" data-rl_caption=\"\" data-rel=\"lightbox-gallery-1\"><img loading=\"lazy\" decoding=\"async\" width=\"150\" height=\"150\" src=\"https:\/\/www.galerie-schmalfuss.de\/wp-content\/uploads\/2018\/10\/Perugia-kl-150x150.jpg\" class=\"attachment-thumbnail size-thumbnail\" alt=\"\" title=\"\"><\/a>\n\t\t\t<\/div><\/figure><figure class='gallery-item'>\n\t\t\t<div class='gallery-icon portrait'>\n\t\t\t\t<a href='https:\/\/www.galerie-schmalfuss.de\/wp-content\/uploads\/2018\/10\/Zellkongresswand-Kopie-277x300.jpg' title=\"Fredder Wanoth, Zellkongresswand, Karton, bemalt, 120 x 120 x 160 cm, 2005-08\" data-rl_title=\"Fredder Wanoth, Zellkongresswand, Karton, bemalt, 120 x 120 x 160 cm, 2005-08\" class=\"rl-gallery-link\" data-rl_caption=\"\" data-rel=\"lightbox-gallery-1\"><img loading=\"lazy\" decoding=\"async\" width=\"150\" height=\"150\" src=\"https:\/\/www.galerie-schmalfuss.de\/wp-content\/uploads\/2018\/10\/Zellkongresswand-Kopie-150x150.jpg\" class=\"attachment-thumbnail size-thumbnail\" alt=\"\" title=\"\"><\/a>\n\t\t\t<\/div><\/figure><figure class='gallery-item'>\n\t\t\t<div class='gallery-icon portrait'>\n\t\t\t\t<a href='https:\/\/www.galerie-schmalfuss.de\/wp-content\/uploads\/2018\/10\/Schweiz-Kopie-206x300.jpg' title=\"Fredder Wanoth, Die hermetische Schweiz, Karton, Schokoladenpapier, 49 x 33 x 32 cm, 2008\" data-rl_title=\"Fredder Wanoth, Die hermetische Schweiz, Karton, Schokoladenpapier, 49 x 33 x 32 cm, 2008\" class=\"rl-gallery-link\" data-rl_caption=\"\" data-rel=\"lightbox-gallery-1\"><img loading=\"lazy\" decoding=\"async\" width=\"150\" height=\"150\" src=\"https:\/\/www.galerie-schmalfuss.de\/wp-content\/uploads\/2018\/10\/Schweiz-Kopie-150x150.jpg\" class=\"attachment-thumbnail size-thumbnail\" alt=\"\" title=\"\"><\/a>\n\t\t\t<\/div><\/figure>\n\t\t<\/div>\n\n","protected":false},"excerpt":{"rendered":"<p>Die Innenwelt der Au\u00dfenwelt<br \/>\nJ\u00dcRGEN DURNER und FREDDER WANOTH<br \/>\nVernissage: 12. Oktober von 16 &#8211; 20 Uhr<br \/>\nMichael Schmalfu\u00df wird um 18 Uhr in die Ausstellung einf\u00fchren.<br \/>\nWir freuen uns auf Ihren Besuch! <a class=\"mor_e-link\" href=\"https:\/\/www.galerie-schmalfuss.de\/index.php\/die-innenwelt-der-ausenwelt-i-jurgen-durner-und-fredder-wanoth\/\">weiter<span class=\"screen-reader-text\">Die Innenwelt der Au\u00dfenwelt<\/span><\/a><\/p>\n","protected":false},"author":6,"featured_media":7362,"comment_status":"closed","ping_status":"closed","sticky":false,"template":"","format":"standard","meta":{"footnotes":""},"categories":[4,5],"tags":[],"class_list":["post-7221","post","type-post","status-publish","format-standard","has-post-thumbnail","hentry","category-exhibitions","category-berlin","entry"],"_links":{"self":[{"href":"https:\/\/www.galerie-schmalfuss.de\/index.php\/wp-json\/wp\/v2\/posts\/7221","targetHints":{"allow":["GET"]}}],"collection":[{"href":"https:\/\/www.galerie-schmalfuss.de\/index.php\/wp-json\/wp\/v2\/posts"}],"about":[{"href":"https:\/\/www.galerie-schmalfuss.de\/index.php\/wp-json\/wp\/v2\/types\/post"}],"author":[{"embeddable":true,"href":"https:\/\/www.galerie-schmalfuss.de\/index.php\/wp-json\/wp\/v2\/users\/6"}],"replies":[{"embeddable":true,"href":"https:\/\/www.galerie-schmalfuss.de\/index.php\/wp-json\/wp\/v2\/comments?post=7221"}],"version-history":[{"count":0,"href":"https:\/\/www.galerie-schmalfuss.de\/index.php\/wp-json\/wp\/v2\/posts\/7221\/revisions"}],"wp:featuredmedia":[{"embeddable":true,"href":"https:\/\/www.galerie-schmalfuss.de\/index.php\/wp-json\/wp\/v2\/media\/7362"}],"wp:attachment":[{"href":"https:\/\/www.galerie-schmalfuss.de\/index.php\/wp-json\/wp\/v2\/media?parent=7221"}],"wp:term":[{"taxonomy":"category","embeddable":true,"href":"https:\/\/www.galerie-schmalfuss.de\/index.php\/wp-json\/wp\/v2\/categories?post=7221"},{"taxonomy":"post_tag","embeddable":true,"href":"https:\/\/www.galerie-schmalfuss.de\/index.php\/wp-json\/wp\/v2\/tags?post=7221"}],"curies":[{"name":"wp","href":"https:\/\/api.w.org\/{rel}","templated":true}]}}