{"id":7255,"date":"2018-08-16T09:57:42","date_gmt":"2018-08-16T09:57:42","guid":{"rendered":"https:\/\/www.galerie-schmalfuss.de\/?p=7255"},"modified":"2019-07-03T23:31:34","modified_gmt":"2019-07-03T23:31:34","slug":"positions-berlin-art-fair-2018","status":"publish","type":"post","link":"https:\/\/www.galerie-schmalfuss.de\/index.php\/positions-berlin-art-fair-2018\/","title":{"rendered":"POSITIONS &#8211; BERLIN ART FAIR 2018"},"content":{"rendered":"\n<figure class=\"wp-block-image\"><a  href=\"http:\/\/www.galerie-schmalfuss.de\/wp-content\/uploads\/2017\/07\/PBAF_Wortmarke_einzeilig.png\" data-rel=\"lightbox-gallery-0\" data-rl_title=\"PBAF_Wortmarke_einzeilig\" data-rl_caption=\"\" title=\"PBAF_Wortmarke_einzeilig\"><img decoding=\"async\" src=\"http:\/\/www.galerie-schmalfuss.de\/wp-content\/uploads\/2017\/07\/PBAF_Wortmarke_einzeilig-300x84.png\" alt=\"\" title=\"\"><\/a><\/figure>\n\n\n\n<p>27. &#8211; 30. September 2018<\/p>\n\n\n\n<p>Die Galerie Schmalfuss Berlin zeigt Werke von:<\/p>\n\n\n\n<p>We do present:<\/p>\n\n\n\n<ul class=\"wp-block-list\"><li>OTTMAR H\u00d6RL<\/li><li>THOMAS R\u00d6THEL<\/li><li>J\u00dcRGEN PAAS<\/li><li>WILLI SIBER<\/li><li>J\u00d6RG BACH<\/li><\/ul>\n\n\n\n<p>Dieses Jahr findet die Messe im&nbsp;Hangar 4 des Flughafens Berlin-Tempelhof statt, wie immer im offiziellen Rahmen der Berlin Art Week&nbsp;73.<\/p>\n\n\n\n<p>Und freuen uns auf Ihren Besuch in Berlin an unserem Stand!<\/p>\n\n\n\n<p>WEITERE INFORMATIONEN:<\/p>\n\n\n\n<p><strong>LOCATION<\/strong><\/p>\n\n\n\n<p>Flughafen Berlin-Tempelhof, Hanger 4<br>Columbiadamm 10<br><strong>10965 Berlin<\/strong><\/p>\n\n\n\n<p>\u00d6ffentliche Verkerhsmittel:<br>U6: Platz der Luftbr\u00fccke<br>Bus 104, 248: Columbiadamm \/\u00a0Platz der Luftbr\u00fccke<\/p>\n\n\n\n<p><strong>\u00d6FFNUNGSZEITEN<\/strong><\/p>\n\n\n\n<p>Proffessional Preview:<\/p>\n\n\n\n<p>Do, 27.09.2018, 13-17 Uhr (nur mit Einladung)<\/p>\n\n\n\n<p><strong>Er\u00f6ffnung:<\/strong><br>Do, 27.09.2018, 17-21 Uhr<br><\/p>\n\n\n\n<p><strong>Besuchertage:<\/strong><br>Fr, 28.09.2018, 13-20 Uhr<br>Sa, 29.09.2018, 13-20 Uhr<br>So, 30.09.2108, 11-18 Uhr<\/p>\n\n\n\n<p><strong>VIP Hour:<\/strong><br>Fr, 28.09.2018, 12-13 Uhr (nur mit Einladung)<br>Sa, 29.09.2018, 12-13 Uhr (nur mit Einladung)<\/p>\n\n\n\n<p><strong>Tickets:<\/strong><br>Regul\u00e4r: 12 Euro<br>Erm\u00e4\u00dfigt: 6 Euro<br>Abendticket: 6 Euro \/ ab 18 Uhr, Sonntag ab 16 Uhr<\/p>\n","protected":false},"excerpt":{"rendered":"<p>27. &#8211; 30. September 2018 <a class=\"mor_e-link\" href=\"https:\/\/www.galerie-schmalfuss.de\/index.php\/positions-berlin-art-fair-2018\/\">weiter<span class=\"screen-reader-text\">POSITIONS &#8211; BERLIN ART FAIR 2018<\/span><\/a><\/p>\n","protected":false},"author":6,"featured_media":0,"comment_status":"closed","ping_status":"closed","sticky":false,"template":"","format":"standard","meta":{"footnotes":""},"categories":[9],"tags":[],"class_list":["post-7255","post","type-post","status-publish","format-standard","hentry","category-news","entry"],"_links":{"self":[{"href":"https:\/\/www.galerie-schmalfuss.de\/index.php\/wp-json\/wp\/v2\/posts\/7255","targetHints":{"allow":["GET"]}}],"collection":[{"href":"https:\/\/www.galerie-schmalfuss.de\/index.php\/wp-json\/wp\/v2\/posts"}],"about":[{"href":"https:\/\/www.galerie-schmalfuss.de\/index.php\/wp-json\/wp\/v2\/types\/post"}],"author":[{"embeddable":true,"href":"https:\/\/www.galerie-schmalfuss.de\/index.php\/wp-json\/wp\/v2\/users\/6"}],"replies":[{"embeddable":true,"href":"https:\/\/www.galerie-schmalfuss.de\/index.php\/wp-json\/wp\/v2\/comments?post=7255"}],"version-history":[{"count":0,"href":"https:\/\/www.galerie-schmalfuss.de\/index.php\/wp-json\/wp\/v2\/posts\/7255\/revisions"}],"wp:attachment":[{"href":"https:\/\/www.galerie-schmalfuss.de\/index.php\/wp-json\/wp\/v2\/media?parent=7255"}],"wp:term":[{"taxonomy":"category","embeddable":true,"href":"https:\/\/www.galerie-schmalfuss.de\/index.php\/wp-json\/wp\/v2\/categories?post=7255"},{"taxonomy":"post_tag","embeddable":true,"href":"https:\/\/www.galerie-schmalfuss.de\/index.php\/wp-json\/wp\/v2\/tags?post=7255"}],"curies":[{"name":"wp","href":"https:\/\/api.w.org\/{rel}","templated":true}]}}