{"id":8925,"date":"2019-09-26T14:36:46","date_gmt":"2019-09-26T14:36:46","guid":{"rendered":"https:\/\/www.galerie-schmalfuss.de\/?p=8925"},"modified":"2019-09-27T11:10:47","modified_gmt":"2019-09-27T11:10:47","slug":"und-die-voegel-singen-doch","status":"publish","type":"post","link":"https:\/\/www.galerie-schmalfuss.de\/index.php\/und-die-voegel-singen-doch\/","title":{"rendered":"Und die V\u00f6gel singen doch&#8230;"},"content":{"rendered":"\n<p style=\"text-align:center\"><br> AUSSTELLUNGSER\u00d6FFNUNG  am <strong>Samstag, 05. Oktober bis Samstag 26.Oktober 2019<\/strong><\/p>\n\n\n\n<pre style=\"text-align:center\" class=\"wp-block-verse\">HANS-HENDRIK GRIMMLING<br>FRIEDMANN GRIESHABER\n\n<\/pre>\n\n\n\n<ul class=\"wp-block-gallery columns-3 is-cropped wp-block-gallery-1 is-layout-flex wp-block-gallery-is-layout-flex\"><li class=\"blocks-gallery-item\"><figure><a  href=\"https:\/\/www.galerie-schmalfuss.de\/wp-content\/uploads\/2019\/08\/vogel3.jpg\" data-rel=\"lightbox-gallery-0\" data-rl_title=\"vogelumarmung I\" data-rl_caption=\"vogelumarmung I\" title=\"vogelumarmung I\"><img fetchpriority=\"high\" decoding=\"async\" width=\"510\" height=\"510\" src=\"https:\/\/www.galerie-schmalfuss.de\/wp-content\/uploads\/2019\/08\/vogel3.jpg\" alt=\"\" data-id=\"8894\" data-link=\"https:\/\/www.galerie-schmalfuss.de\/?attachment_id=8894\" class=\"wp-image-8894\" title=\"\" srcset=\"https:\/\/www.galerie-schmalfuss.de\/wp-content\/uploads\/2019\/08\/vogel3.jpg 510w, https:\/\/www.galerie-schmalfuss.de\/wp-content\/uploads\/2019\/08\/vogel3-150x150.jpg 150w, https:\/\/www.galerie-schmalfuss.de\/wp-content\/uploads\/2019\/08\/vogel3-300x300.jpg 300w\" sizes=\"(max-width: 510px) 100vw, 510px\" \/><\/a><\/figure><\/li><li class=\"blocks-gallery-item\"><figure><a  href=\"https:\/\/www.galerie-schmalfuss.de\/wp-content\/uploads\/2019\/08\/vogel2.jpg\" data-rel=\"lightbox-gallery-0\" data-rl_title=\"asyl im labyrinth\" data-rl_caption=\"asyl im labyrinth\" title=\"asyl im labyrinth\"><img decoding=\"async\" width=\"361\" height=\"510\" src=\"https:\/\/www.galerie-schmalfuss.de\/wp-content\/uploads\/2019\/08\/vogel2.jpg\" alt=\"\" data-id=\"8893\" data-link=\"https:\/\/www.galerie-schmalfuss.de\/?attachment_id=8893\" class=\"wp-image-8893\" title=\"\" srcset=\"https:\/\/www.galerie-schmalfuss.de\/wp-content\/uploads\/2019\/08\/vogel2.jpg 361w, https:\/\/www.galerie-schmalfuss.de\/wp-content\/uploads\/2019\/08\/vogel2-212x300.jpg 212w\" sizes=\"(max-width: 361px) 100vw, 361px\" \/><\/a><\/figure><\/li><li class=\"blocks-gallery-item\"><figure><a  href=\"https:\/\/www.galerie-schmalfuss.de\/wp-content\/uploads\/2019\/08\/vogel.jpg\" data-rel=\"lightbox-gallery-0\" data-rl_title=\"vogelumarmung I\" data-rl_caption=\"vogelumarmung I\" title=\"vogelumarmung I\"><img decoding=\"async\" width=\"362\" height=\"510\" src=\"https:\/\/www.galerie-schmalfuss.de\/wp-content\/uploads\/2019\/08\/vogel.jpg\" alt=\"\" data-id=\"8892\" data-link=\"https:\/\/www.galerie-schmalfuss.de\/?attachment_id=8892\" class=\"wp-image-8892\" title=\"\" srcset=\"https:\/\/www.galerie-schmalfuss.de\/wp-content\/uploads\/2019\/08\/vogel.jpg 362w, https:\/\/www.galerie-schmalfuss.de\/wp-content\/uploads\/2019\/08\/vogel-213x300.jpg 213w\" sizes=\"(max-width: 362px) 100vw, 362px\" \/><\/a><\/figure><\/li><li class=\"blocks-gallery-item\"><figure><a  href=\"https:\/\/www.galerie-schmalfuss.de\/wp-content\/uploads\/2019\/09\/geben_und_nehmen-683x1024.jpg\" data-rel=\"lightbox-gallery-0\" data-rl_title=\"geben und nehmen\" data-rl_caption=\"Beton 246 x 30,5 x 69 cm\" title=\"geben und nehmen\"><img loading=\"lazy\" decoding=\"async\" width=\"683\" height=\"1024\" src=\"https:\/\/www.galerie-schmalfuss.de\/wp-content\/uploads\/2019\/09\/geben_und_nehmen-683x1024.jpg\" alt=\"\" data-id=\"8938\" data-link=\"https:\/\/www.galerie-schmalfuss.de\/olympus-digital-camera-23\/\" class=\"wp-image-8938\" title=\"\" srcset=\"https:\/\/www.galerie-schmalfuss.de\/wp-content\/uploads\/2019\/09\/geben_und_nehmen-683x1024.jpg 683w, https:\/\/www.galerie-schmalfuss.de\/wp-content\/uploads\/2019\/09\/geben_und_nehmen-200x300.jpg 200w, https:\/\/www.galerie-schmalfuss.de\/wp-content\/uploads\/2019\/09\/geben_und_nehmen.jpg 686w\" sizes=\"(max-width: 683px) 100vw, 683px\" \/><\/a><\/figure><\/li><li class=\"blocks-gallery-item\"><figure><a  href=\"https:\/\/www.galerie-schmalfuss.de\/wp-content\/uploads\/2019\/09\/Einzelg\u00e4nger-683x1024.jpg\" data-rel=\"lightbox-gallery-0\" data-rl_title=\"Einzelg\u00e4nger\" data-rl_caption=\"Beton 197 x 34 x 35 cm\" title=\"Einzelg\u00e4nger\"><img loading=\"lazy\" decoding=\"async\" width=\"683\" height=\"1024\" src=\"https:\/\/www.galerie-schmalfuss.de\/wp-content\/uploads\/2019\/09\/Einzelg\u00e4nger-683x1024.jpg\" alt=\"\" data-id=\"8937\" data-link=\"https:\/\/www.galerie-schmalfuss.de\/olympus-digital-camera-22\/\" class=\"wp-image-8937\" title=\"\" srcset=\"https:\/\/www.galerie-schmalfuss.de\/wp-content\/uploads\/2019\/09\/Einzelg\u00e4nger-683x1024.jpg 683w, https:\/\/www.galerie-schmalfuss.de\/wp-content\/uploads\/2019\/09\/Einzelg\u00e4nger-200x300.jpg 200w, https:\/\/www.galerie-schmalfuss.de\/wp-content\/uploads\/2019\/09\/Einzelg\u00e4nger.jpg 709w\" sizes=\"(max-width: 683px) 100vw, 683px\" \/><\/a><\/figure><\/li><li class=\"blocks-gallery-item\"><figure><a  href=\"https:\/\/www.galerie-schmalfuss.de\/wp-content\/uploads\/2019\/09\/durchblick-1024x683.jpg\" data-rel=\"lightbox-gallery-0\" data-rl_title=\"Durchblick\" data-rl_caption=\"Eisen 20 x 18 x 3 (12) cm\" title=\"Durchblick\"><img loading=\"lazy\" decoding=\"async\" width=\"1024\" height=\"683\" src=\"https:\/\/www.galerie-schmalfuss.de\/wp-content\/uploads\/2019\/09\/durchblick-1024x683.jpg\" alt=\"\" data-id=\"8936\" data-link=\"https:\/\/www.galerie-schmalfuss.de\/olympus-digital-camera-21\/\" class=\"wp-image-8936\" title=\"\" srcset=\"https:\/\/www.galerie-schmalfuss.de\/wp-content\/uploads\/2019\/09\/durchblick-1024x683.jpg 1024w, https:\/\/www.galerie-schmalfuss.de\/wp-content\/uploads\/2019\/09\/durchblick-300x200.jpg 300w, https:\/\/www.galerie-schmalfuss.de\/wp-content\/uploads\/2019\/09\/durchblick-768x512.jpg 768w, https:\/\/www.galerie-schmalfuss.de\/wp-content\/uploads\/2019\/09\/durchblick.jpg 1063w\" sizes=\"(max-width: 1024px) 100vw, 1024px\" \/><\/a><\/figure><\/li><li class=\"blocks-gallery-item\"><figure><a  href=\"https:\/\/www.galerie-schmalfuss.de\/wp-content\/uploads\/2019\/09\/cumulus-1024x683.jpg\" data-rel=\"lightbox-gallery-0\" data-rl_title=\"Cumulus\" data-rl_caption=\"Beton 37 x 33 x 33 cm\" title=\"Cumulus\"><img loading=\"lazy\" decoding=\"async\" width=\"1024\" height=\"683\" src=\"https:\/\/www.galerie-schmalfuss.de\/wp-content\/uploads\/2019\/09\/cumulus-1024x683.jpg\" alt=\"\" data-id=\"8935\" data-link=\"https:\/\/www.galerie-schmalfuss.de\/olympus-digital-camera-20\/\" class=\"wp-image-8935\" title=\"\" srcset=\"https:\/\/www.galerie-schmalfuss.de\/wp-content\/uploads\/2019\/09\/cumulus-1024x683.jpg 1024w, https:\/\/www.galerie-schmalfuss.de\/wp-content\/uploads\/2019\/09\/cumulus-300x200.jpg 300w, https:\/\/www.galerie-schmalfuss.de\/wp-content\/uploads\/2019\/09\/cumulus-768x512.jpg 768w, https:\/\/www.galerie-schmalfuss.de\/wp-content\/uploads\/2019\/09\/cumulus.jpg 1063w\" sizes=\"(max-width: 1024px) 100vw, 1024px\" \/><\/a><\/figure><\/li><li class=\"blocks-gallery-item\"><figure><a  href=\"https:\/\/www.galerie-schmalfuss.de\/wp-content\/uploads\/2019\/09\/betonkopf-1024x683.jpg\" data-rel=\"lightbox-gallery-0\" data-rl_title=\"Betonkopf\" data-rl_caption=\"Beton 64 x 30 x 26 cm\" title=\"Betonkopf\"><img loading=\"lazy\" decoding=\"async\" width=\"1024\" height=\"683\" src=\"https:\/\/www.galerie-schmalfuss.de\/wp-content\/uploads\/2019\/09\/betonkopf-1024x683.jpg\" alt=\"\" data-id=\"8934\" data-link=\"https:\/\/www.galerie-schmalfuss.de\/olympus-digital-camera-19\/\" class=\"wp-image-8934\" title=\"\" srcset=\"https:\/\/www.galerie-schmalfuss.de\/wp-content\/uploads\/2019\/09\/betonkopf-1024x683.jpg 1024w, https:\/\/www.galerie-schmalfuss.de\/wp-content\/uploads\/2019\/09\/betonkopf-300x200.jpg 300w, https:\/\/www.galerie-schmalfuss.de\/wp-content\/uploads\/2019\/09\/betonkopf-768x512.jpg 768w, https:\/\/www.galerie-schmalfuss.de\/wp-content\/uploads\/2019\/09\/betonkopf.jpg 1063w\" sizes=\"(max-width: 1024px) 100vw, 1024px\" \/><\/a><\/figure><\/li><li class=\"blocks-gallery-item\"><figure><a  href=\"https:\/\/www.galerie-schmalfuss.de\/wp-content\/uploads\/2019\/09\/weltordnung-1024x683.jpg\" data-rel=\"lightbox-gallery-0\" data-rl_title=\"Weltordnung\" data-rl_caption=\"Beton 63 x 59 x 9 cm\" title=\"Weltordnung\"><img loading=\"lazy\" decoding=\"async\" width=\"1024\" height=\"683\" src=\"https:\/\/www.galerie-schmalfuss.de\/wp-content\/uploads\/2019\/09\/weltordnung-1024x683.jpg\" alt=\"\" data-id=\"8933\" data-link=\"https:\/\/www.galerie-schmalfuss.de\/olympus-digital-camera-18\/\" class=\"wp-image-8933\" title=\"\" srcset=\"https:\/\/www.galerie-schmalfuss.de\/wp-content\/uploads\/2019\/09\/weltordnung-1024x683.jpg 1024w, https:\/\/www.galerie-schmalfuss.de\/wp-content\/uploads\/2019\/09\/weltordnung-300x200.jpg 300w, https:\/\/www.galerie-schmalfuss.de\/wp-content\/uploads\/2019\/09\/weltordnung-768x512.jpg 768w, https:\/\/www.galerie-schmalfuss.de\/wp-content\/uploads\/2019\/09\/weltordnung.jpg 1063w\" sizes=\"(max-width: 1024px) 100vw, 1024px\" \/><\/a><\/figure><\/li><li class=\"blocks-gallery-item\"><figure><a  href=\"https:\/\/www.galerie-schmalfuss.de\/wp-content\/uploads\/2019\/09\/mehrere_h\u00e4user-683x1024.jpg\" data-rel=\"lightbox-gallery-0\" data-rl_title=\"mehrere H\u00e4user\" data-rl_caption=\"Beton 76 x 46 x 22 cm\" title=\"mehrere H\u00e4user\"><img loading=\"lazy\" decoding=\"async\" width=\"683\" height=\"1024\" src=\"https:\/\/www.galerie-schmalfuss.de\/wp-content\/uploads\/2019\/09\/mehrere_h\u00e4user-683x1024.jpg\" alt=\"\" data-id=\"8932\" data-link=\"https:\/\/www.galerie-schmalfuss.de\/olympus-digital-camera-17\/\" class=\"wp-image-8932\" title=\"\" srcset=\"https:\/\/www.galerie-schmalfuss.de\/wp-content\/uploads\/2019\/09\/mehrere_h\u00e4user-683x1024.jpg 683w, https:\/\/www.galerie-schmalfuss.de\/wp-content\/uploads\/2019\/09\/mehrere_h\u00e4user-200x300.jpg 200w, https:\/\/www.galerie-schmalfuss.de\/wp-content\/uploads\/2019\/09\/mehrere_h\u00e4user.jpg 709w\" sizes=\"(max-width: 683px) 100vw, 683px\" \/><\/a><\/figure><\/li><li class=\"blocks-gallery-item\"><figure><a  href=\"https:\/\/www.galerie-schmalfuss.de\/wp-content\/uploads\/2019\/09\/junger_einzelg\u00e4nger-1024x682.jpg\" data-rel=\"lightbox-gallery-0\" data-rl_title=\"junger Einzelg\u00e4nger\" data-rl_caption=\"Beton 121,5 x 20 x 31 cm\" title=\"junger Einzelg\u00e4nger\"><img loading=\"lazy\" decoding=\"async\" width=\"1024\" height=\"682\" src=\"https:\/\/www.galerie-schmalfuss.de\/wp-content\/uploads\/2019\/09\/junger_einzelg\u00e4nger-1024x682.jpg\" alt=\"\" data-id=\"8931\" data-link=\"https:\/\/www.galerie-schmalfuss.de\/olympus-digital-camera-15\/\" class=\"wp-image-8931\" title=\"\" srcset=\"https:\/\/www.galerie-schmalfuss.de\/wp-content\/uploads\/2019\/09\/junger_einzelg\u00e4nger-1024x682.jpg 1024w, https:\/\/www.galerie-schmalfuss.de\/wp-content\/uploads\/2019\/09\/junger_einzelg\u00e4nger-300x200.jpg 300w, https:\/\/www.galerie-schmalfuss.de\/wp-content\/uploads\/2019\/09\/junger_einzelg\u00e4nger-768x512.jpg 768w, https:\/\/www.galerie-schmalfuss.de\/wp-content\/uploads\/2019\/09\/junger_einzelg\u00e4nger.jpg 1063w\" sizes=\"(max-width: 1024px) 100vw, 1024px\" \/><\/a><\/figure><\/li><li class=\"blocks-gallery-item\"><figure><a  href=\"https:\/\/www.galerie-schmalfuss.de\/wp-content\/uploads\/2019\/09\/haus_im_haus-1024x742.jpg\" data-rel=\"lightbox-gallery-0\" data-rl_title=\"haus_im_haus\" data-rl_caption=\"\" title=\"haus_im_haus\"><img loading=\"lazy\" decoding=\"async\" width=\"1024\" height=\"742\" src=\"https:\/\/www.galerie-schmalfuss.de\/wp-content\/uploads\/2019\/09\/haus_im_haus-1024x742.jpg\" alt=\"\" data-id=\"8947\" data-link=\"https:\/\/www.galerie-schmalfuss.de\/haus_im_haus\/\" class=\"wp-image-8947\" title=\"\" srcset=\"https:\/\/www.galerie-schmalfuss.de\/wp-content\/uploads\/2019\/09\/haus_im_haus-1024x742.jpg 1024w, https:\/\/www.galerie-schmalfuss.de\/wp-content\/uploads\/2019\/09\/haus_im_haus-300x218.jpg 300w, https:\/\/www.galerie-schmalfuss.de\/wp-content\/uploads\/2019\/09\/haus_im_haus-768x557.jpg 768w, https:\/\/www.galerie-schmalfuss.de\/wp-content\/uploads\/2019\/09\/haus_im_haus.jpg 1182w\" sizes=\"(max-width: 1024px) 100vw, 1024px\" \/><\/a><\/figure><\/li><li class=\"blocks-gallery-item\"><figure><a  href=\"https:\/\/www.galerie-schmalfuss.de\/wp-content\/uploads\/2019\/09\/\u00f6konomie_der_linie-1024x760.jpg\" data-rel=\"lightbox-gallery-0\" data-rl_title=\"\u00d6konomie der Linie\" data-rl_caption=\"\u00d6konomie der Linie\" title=\"\u00d6konomie der Linie\"><img loading=\"lazy\" decoding=\"async\" width=\"1024\" height=\"760\" src=\"https:\/\/www.galerie-schmalfuss.de\/wp-content\/uploads\/2019\/09\/\u00f6konomie_der_linie-1024x760.jpg\" alt=\"\" data-id=\"8948\" data-link=\"https:\/\/www.galerie-schmalfuss.de\/oekonomie_der_linie\/\" class=\"wp-image-8948\" title=\"\" srcset=\"https:\/\/www.galerie-schmalfuss.de\/wp-content\/uploads\/2019\/09\/\u00f6konomie_der_linie-1024x760.jpg 1024w, https:\/\/www.galerie-schmalfuss.de\/wp-content\/uploads\/2019\/09\/\u00f6konomie_der_linie-300x223.jpg 300w, https:\/\/www.galerie-schmalfuss.de\/wp-content\/uploads\/2019\/09\/\u00f6konomie_der_linie-768x570.jpg 768w, https:\/\/www.galerie-schmalfuss.de\/wp-content\/uploads\/2019\/09\/\u00f6konomie_der_linie.jpg 1182w\" sizes=\"(max-width: 1024px) 100vw, 1024px\" \/><\/a><\/figure><\/li><\/ul>\n\n\n\n<p style=\"text-align:center\">Zur Vernissage unserer neuen Ausstellung \u201eUnd die V\u00f6gel singen doch\u201c<br>am Samstag, dem 05. Oktober 2019, von 16 \u2013 20 Uhr, sind Sie und Ihre Freunde herzlich eingeladen.<br>Frau Prof. Dr. Heilmann, Philipps-Universit\u00e4t Marburg, f\u00fchrt um 18 Uhr in die Ausstellung ein.<br>Wir freuen uns auf Ihren Besuch!<br><strong><br>Michael W. Schmalfu\u00df<\/strong><\/p>\n","protected":false},"excerpt":{"rendered":"<p>AUSSTELLUNGSER\u00d6FFNUNG am Samstag, 05. Oktober bis Samstag 26.Oktober 2019 HANS-HENDRIK&#8230; <a class=\"mor_e-link\" href=\"https:\/\/www.galerie-schmalfuss.de\/index.php\/und-die-voegel-singen-doch\/\">weiter<span class=\"screen-reader-text\">Und die V\u00f6gel singen doch&#8230;<\/span><\/a><\/p>\n","protected":false},"author":6,"featured_media":8933,"comment_status":"closed","ping_status":"closed","sticky":false,"template":"","format":"standard","meta":{"footnotes":""},"categories":[4,5],"tags":[],"class_list":["post-8925","post","type-post","status-publish","format-standard","has-post-thumbnail","hentry","category-exhibitions","category-berlin","entry"],"_links":{"self":[{"href":"https:\/\/www.galerie-schmalfuss.de\/index.php\/wp-json\/wp\/v2\/posts\/8925","targetHints":{"allow":["GET"]}}],"collection":[{"href":"https:\/\/www.galerie-schmalfuss.de\/index.php\/wp-json\/wp\/v2\/posts"}],"about":[{"href":"https:\/\/www.galerie-schmalfuss.de\/index.php\/wp-json\/wp\/v2\/types\/post"}],"author":[{"embeddable":true,"href":"https:\/\/www.galerie-schmalfuss.de\/index.php\/wp-json\/wp\/v2\/users\/6"}],"replies":[{"embeddable":true,"href":"https:\/\/www.galerie-schmalfuss.de\/index.php\/wp-json\/wp\/v2\/comments?post=8925"}],"version-history":[{"count":0,"href":"https:\/\/www.galerie-schmalfuss.de\/index.php\/wp-json\/wp\/v2\/posts\/8925\/revisions"}],"wp:featuredmedia":[{"embeddable":true,"href":"https:\/\/www.galerie-schmalfuss.de\/index.php\/wp-json\/wp\/v2\/media\/8933"}],"wp:attachment":[{"href":"https:\/\/www.galerie-schmalfuss.de\/index.php\/wp-json\/wp\/v2\/media?parent=8925"}],"wp:term":[{"taxonomy":"category","embeddable":true,"href":"https:\/\/www.galerie-schmalfuss.de\/index.php\/wp-json\/wp\/v2\/categories?post=8925"},{"taxonomy":"post_tag","embeddable":true,"href":"https:\/\/www.galerie-schmalfuss.de\/index.php\/wp-json\/wp\/v2\/tags?post=8925"}],"curies":[{"name":"wp","href":"https:\/\/api.w.org\/{rel}","templated":true}]}}